{"id":115901,"date":"2021-04-30T15:43:54","date_gmt":"2021-04-30T19:43:54","guid":{"rendered":"https:\/\/linitiative.ca\/International\/115e-vendredi-du-mouvement-populaire-le-hirak-sinsurge-contre-la-repression\/"},"modified":"2021-04-30T15:43:54","modified_gmt":"2021-04-30T19:43:54","slug":"115e-vendredi-du-mouvement-populaire-le-hirak-sinsurge-contre-la-repression","status":"publish","type":"post","link":"https:\/\/linitiative.ca\/International\/115e-vendredi-du-mouvement-populaire-le-hirak-sinsurge-contre-la-repression\/","title":{"rendered":"115e vendredi du mouvement populaire :\u00a0Le Hirak s\u2019insurge contre la r\u00e9pression"},"content":{"rendered":"<h4 class=\"title-14\"\/>\n<div class=\"featured_image\"><img loading=\"lazy\" decoding=\"async\" width=\"523\" height=\"513\" src=\"https:\/\/www.elwatan.com\/wp-content\/uploads\/2021\/04\/115-vendredi-du-Hirak-e1619811943112.jpg\" class=\"attachment-post-thumbnail size-post-thumbnail wp-post-image\" alt=\"\" srcset=\"https:\/\/www.elwatan.com\/wp-content\/uploads\/2021\/04\/115-vendredi-du-Hirak-e1619811943112.jpg 523w, https:\/\/www.elwatan.com\/wp-content\/uploads\/2021\/04\/115-vendredi-du-Hirak-e1619811943112-300x294.jpg 300w\" sizes=\"auto, (max-width: 523px) 100vw, 523px\"\/> <span class=\"featured-image-caption\">Photo : El Watan<\/span><\/div>\n<p><strong><em>D\u2019aucuns s\u2019interrogeaient comment allait se d\u00e9rouler ce 115e vendredi du Hirak apr\u00e8s la r\u00e9pression qui a frapp\u00e9 la manif des \u00e9tudiants \u00e0 la place des Martyrs \u00e0 Alger, mardi dernier, avec, \u00e0 la cl\u00e9, des interpellations \u00e0 la pelle. Au final, la marche hebdomadaire a pu se tenir, globalement, dans le calme.<\/em><\/strong><\/p>\n<p>Cependant, d\u00e8s 16h, les forces de police sont intervenues avec autorit\u00e9 \u00e0 Alger-centre et ont charg\u00e9 les manifestants avec brutalit\u00e9. Les citoyens pr\u00e9sents dans le p\u00e9rim\u00e8tre de la place Audin et sur le bas de la rue Didouche-Mourad ont \u00e9t\u00e9 matraqu\u00e9s sans m\u00e9nagement, et de nombreuses interpellations ont \u00e9t\u00e9 op\u00e9r\u00e9es dans la foul\u00e9e.<\/p>\n<p>Ces sc\u00e8nes de violence sont embl\u00e9matiques du traitement que r\u00e9servent les autorit\u00e9s depuis quelques semaines \u00e0 l\u2019opposition hirakienne. Ce vendredi saint du mouvement populaire, le troisi\u00e8me depuis le d\u00e9but du Ramadan et le onzi\u00e8me depuis la reprise des manifestations citoyennes dans l\u2019espace public apr\u00e8s la longue tr\u00eave sanitaire, intervient ainsi dans un contexte extr\u00eamement tendu marqu\u00e9 par une nouvelle campagne d\u2019arrestations ciblant les hirakistes.<\/p>\n<p>Mais malgr\u00e9 ce contexte difficile, Alger a vibr\u00e9 une nouvelle fois ce week-end sous les cris et les clameurs rageuses des protestataires d\u00e9non\u00e7ant les violences polici\u00e8res, les l\u00e9gislatives et, plus globalement, la feuille de route du pr\u00e9sident Tebboune, et exigeant le d\u00e9part du \u00ab\u00a0syst\u00e8me\u00a0\u00bb.<\/p>\n<p>Le hirak alg\u00e9rois a \u00e9t\u00e9 de nouveau port\u00e9 cette apr\u00e8s-midi par les vagues imp\u00e9tueuses en provenance de Bab El Oued, de la Casbah et de la banlieue ouest de la capitale qui sont venues fusionner aux abords de la Grande Poste et la Fac centrale avec les flots de la rue Didouche Mourad et ceux en provenance de Belcourt et de la Place du 1er Mai.<\/p>\n<p>A noter qu\u2019\u00e0 Alger-centre, le cort\u00e8ge qui a pris son d\u00e9part depuis la mosqu\u00e9e Errahma et la rue Victor Hugo, et qui affichait un niveau de participation inf\u00e9rieur aux vendredis pr\u00e9c\u00e9dents, s\u2019est \u00e9branl\u00e9e beaucoup plus t\u00f4t que pr\u00e9vu, vers 13h10, la pri\u00e8re du Vendredi ayant \u00e9t\u00e9 exp\u00e9di\u00e9e avec une \u00e9tonnante c\u00e9l\u00e9rit\u00e9.<\/p>\n<p>Ce que l\u2019on peut retenir d\u2019embl\u00e9e dans ce nouveau round qui intervient la veille de la F\u00eate du 1er Mai c\u2019est, au premier chef, et comme nous le disions, la d\u00e9nonciation \u00e0 l\u2019unisson de la r\u00e9pression qui s\u2019abat sur les opposants, les activistes et les journalistes. \u00ab\u00a0Lib\u00e9rez les otages\u00a0\u00bb, \u00ab\u00a0Harrirou el mou\u00e2taqaline\u00a0\u00bb (lib\u00e9rez les d\u00e9tenus) ont \u00e9t\u00e9 scand\u00e9 \u00e0 plusieurs reprises par les marcheurs. Ces deniers s\u2019\u00e9poumonaient \u00e9galement en r\u00e9p\u00e9tant ce serment\u00a0: \u00ab\u00a0Ya el mou\u00e2taqaline maranache habssine\u00a0\u00bb (Prisonniers, on ne s\u2019arr\u00eatera pas).<\/p>\n<p><strong>\u00ab\u00a0Le recours \u00e0 la violence est un aveu d\u2019\u00e9chec\u00a0\u00bb<\/strong><\/p>\n<p>Sur les pancartes brandies, l\u2019appel \u00e0 la lib\u00e9ration inconditionnelle des militants et citoyens injustement incarc\u00e9r\u00e9s \u00e9tait clairement le th\u00e8me dominant. \u00ab\u00a0Libert\u00e9 pour les prisonniers\u00a0\u00bb, \u00ab\u00a0Lib\u00e9rez les d\u00e9tenus politiques\u00a0\u00bb, \u00ab\u00a0La Libert\u00e9 pour les hommes libres\u00a0\u00bb pouvait-on lire sur nombre d\u2019entre elles. Dans le m\u00eame registre, les manifestants ont d\u00e9nonc\u00e9 avec \u00e9nergie la vague de violence s\u00e9curitaire et judiciaire qui cible les hirakistes\u00a0: \u00ab\u00a0Police partout, justice nulle part\u00a0\u00bb \u00e9crit un \u00e9tudiant.<\/p>\n<p>Un homme d\u2019un certain \u00e2ge d\u00e9filait avec cette pancarte\u00a0: <em>\u00ab\u00a0La propagande du pouvoir a \u00e9chou\u00e9 et c\u2019est la r\u00e9pression qui a pris le relais. Mais rien n\u2019entamera notre d\u00e9termination\u00bb.<\/em> Une dame ass\u00e8ne\u00a0: <em>\u00ab\u00a0Le recours \u00e0 la violence est un aveu d\u2019\u00e9chec\u00a0\u00bb<\/em>. On pouvait remarquer en outre cette large banderole d\u00e9ploy\u00e9e par un carr\u00e9 de manifestants en soutien \u00e0 notre confr\u00e8re de Libert\u00e9, Rabah Kar\u00e8che, en d\u00e9tention provisoire \u00e0 Tamanrasset\u00a0: <em>\u00abLa libert\u00e9 d\u2019expression n\u2019est pas un crime\u00a0\u00bb<\/em><\/p>\n<p>Les manifestants ont \u00e9galement d\u00e9nonc\u00e9 avec vigueur l\u2019intervention muscl\u00e9e de mardi dernier, \u00e0 Alger, pour faire avorter la marche des \u00e9tudiants. \u00ab\u00a0Haggarine ettalaba\u00a0\u00bb (Oppresseurs des \u00e9tudiants) ont entonn\u00e9 plusieurs fois les marcheurs. Il y avait aussi ce mot d\u2019ordre qui revenait\u00a0: \u00ab\u00a0N\u2019har ethlatha ma\u00e2 ettalaba\u00a0\u00bb (Mardi avec les \u00e9tudiants).<\/p>\n<p>Il convient de signaler au passage la pr\u00e9sence dans la marche d\u2019aujourd\u2019hui de nombre d\u2019\u00e9tudiants parmi ceux qui ont \u00e9t\u00e9 interpell\u00e9s mardi dernier, une fa\u00e7on de signifier qu\u2019ils ne se laisseront pas intimider. <em>\u00ab\u00a0Mardi prochain, il faut que les gens nous rejoignent en force\u00a0\u00bb<\/em> insiste l\u2019un d\u2019entre eux.<\/p>\n<p>En \u00e9cho \u00e0 la Journ\u00e9e internationale des Travailleurs qui sera c\u00e9l\u00e9br\u00e9e demain, il y avait, au cours de ce 115e Vendredi, \u00e9galement des revendications \u00e0 caract\u00e8re social exprim\u00e9es \u00e0 travers les messages \u00e9crits. <em>\u00ab\u00a0Pour un syndicat libre\u00a0\u00bb<\/em> proclame une jeune militante. Un hirakiste mart\u00e8le: <em>\u00ab\u00a0Le syndicat est un droit, pas une faveur\u00a0\u00bb<\/em>.<\/p>\n<p>Une activiste formulait cette r\u00e9flexion\u00a0: <em>\u00ab\u00a0L\u2019action syndicale est la base de la justice sociale\u00a0\u00bb<\/em>. Sur une large feuille de papier Canson, une manifestante \u00e9crit de son c\u00f4t\u00e9 : <em>\u00ab\u00a0L\u2019emploi, l\u2019acc\u00e8s au logement, droit d\u2019acc\u00e8s \u00e0 la sant\u00e9 et \u00e0 l\u2019\u00e9ducation\u00a0\u00bb<\/em>. La jeune femme pr\u00e9cisera que la sant\u00e9 comme l\u2019\u00e9ducation doivent \u00eatre \u00ab\u00a0gratuites et de qualit\u00e9\u00a0\u00bb.<\/p>\n<p><strong>Une pens\u00e9e \u00e9mue pour Ma\u00eetre Ali Yahia Abdennour<\/strong><\/p>\n<p>Autre fait marquant\u00a0: la silhouette bienveillante de Ma\u00eetre Ali-Yahia Abdennour \u2013 Allah yerahmou \u2013 \u00e9tait bien visible dans les cort\u00e8ges. Un hommage appuy\u00e9 a \u00e9t\u00e9, en effet, rendu au doyen des d\u00e9fenseurs des droits humains qui nous a quitt\u00e9s dimanche dernier \u00e0 l\u2019\u00e2ge de cent ans, et plusieurs manifestants brandissaient affectueusement son portrait.<\/p>\n<p>Mohamed, l\u2019un des hirakistes les plus classe, connu pour ses pancartes remarquablement soign\u00e9es, affichait une banni\u00e8re assortie de ces mots : <em>\u00ab\u00a0Merci pour tout Ma\u00eetre Ali Yahia Abdennour. Le combat pour la dignit\u00e9 continue\u00a0\u00bb<\/em>.<\/p>\n<p>Comme nous l\u2019indiquions, la marche de ce vendredi au cours de laquelle les manifestants, comme toujours, ont d\u00e9fil\u00e9 dans le calme et en toute \u00ab\u00a0silmiya\u00a0\u00bb, a \u00e9t\u00e9 brutalement dispers\u00e9e par la police moins de trois heures apr\u00e8s le d\u00e9but des manifs.<\/p>\n<p><em>\u00ab\u00a0Marche pacifique violemment dispers\u00e9e d\u00e8s 16h \u00e0 Alger.\u00a0<\/em><em>Plusieurs interpellations des manifestants pacifiques \u00e0 la fin de la marche \u00e0 Alger et dans plusieurs wilayas du pays. Halte \u00e0 la r\u00e9pression, la LADDH d\u00e9nonce et rappelle le respect du droit\u00a0\u00bb<\/em> a r\u00e9agi la Ligue alg\u00e9rienne de d\u00e9fense des droits de l\u2019Homme \u00e0 travers sa page Facebook.<\/p>\n<p>La grande majorit\u00e9 des personnes interpell\u00e9es, faut-il pr\u00e9ciser, ont \u00e9t\u00e9 rel\u00e2ch\u00e9es. Nous y reviendrons.<\/p>\n<p class=\"c5\"><strong><em>Mustapha Benfodil<\/em><\/strong><\/p>\n<p><span class=\"post-views-label\">Post Views:<\/span> <span class=\"post-views-count\">4<\/span><\/p>\n<p><br class=\"c3\"\/><\/p>\n<div class=\"ichhar-moneytagnative c6\" id=\"ichhar-1778199924\">\n<p>Advertisements<\/p>\n<\/div>\n<p><br class=\"c3\"\/><br \/>\n<br class=\"c7\"\/><\/p>\n<p>Auteur: Mohand Yahiaoui<br \/>\n<a href=\"https:\/\/www.elwatan.com\/edition\/actualite\/115e-vendredi-du-mouvement-populaire-le-hirak-sinsurge-contre-la-repression-30-04-2021\">Cliquez ici pour lire l&rsquo;article depuis sa source.<\/a><\/p>\n","protected":false},"excerpt":{"rendered":"<p>Photo : El Watan D\u2019aucuns s\u2019interrogeaient comment allait se d\u00e9rouler ce 115e vendredi du Hirak apr\u00e8s la r\u00e9pression qui a frapp\u00e9 la manif des \u00e9tudiants \u00e0 la place des Martyrs \u00e0 Alger, mardi dernier, avec, \u00e0 la cl\u00e9, des interpellations \u00e0 la pelle. Au final, la marche hebdomadaire a pu se tenir, globalement, dans le [&hellip;]<\/p>\n","protected":false},"author":1743,"featured_media":0,"comment_status":"closed","ping_status":"closed","sticky":false,"template":"","format":"standard","meta":{"fifu_image_url":"https:\/\/www.elwatan.com\/wp-content\/uploads\/2021\/04\/115-vendredi-du-Hirak-e1619811943112.jpg","fifu_image_alt":"115e vendredi du mouvement populaire :\u00a0Le Hirak s\u2019insurge contre la r\u00e9pression","footnotes":""},"categories":[73,53],"tags":[],"class_list":["post-115901","post","type-post","status-publish","format-standard","hentry","category-actualite","category-algerie"],"_links":{"self":[{"href":"https:\/\/linitiative.ca\/International\/wp-json\/wp\/v2\/posts\/115901","targetHints":{"allow":["GET"]}}],"collection":[{"href":"https:\/\/linitiative.ca\/International\/wp-json\/wp\/v2\/posts"}],"about":[{"href":"https:\/\/linitiative.ca\/International\/wp-json\/wp\/v2\/types\/post"}],"author":[{"embeddable":true,"href":"https:\/\/linitiative.ca\/International\/wp-json\/wp\/v2\/users\/1743"}],"replies":[{"embeddable":true,"href":"https:\/\/linitiative.ca\/International\/wp-json\/wp\/v2\/comments?post=115901"}],"version-history":[{"count":0,"href":"https:\/\/linitiative.ca\/International\/wp-json\/wp\/v2\/posts\/115901\/revisions"}],"wp:attachment":[{"href":"https:\/\/linitiative.ca\/International\/wp-json\/wp\/v2\/media?parent=115901"}],"wp:term":[{"taxonomy":"category","embeddable":true,"href":"https:\/\/linitiative.ca\/International\/wp-json\/wp\/v2\/categories?post=115901"},{"taxonomy":"post_tag","embeddable":true,"href":"https:\/\/linitiative.ca\/International\/wp-json\/wp\/v2\/tags?post=115901"}],"curies":[{"name":"wp","href":"https:\/\/api.w.org\/{rel}","templated":true}]}}