{"id":115902,"date":"2021-04-30T07:14:00","date_gmt":"2021-04-30T11:14:00","guid":{"rendered":"https:\/\/linitiative.ca\/International\/representation-de-la-diaspora-tunisienne-en-italie-perplexite-questionnements-et-necessite-dune-reponse-urgente\/"},"modified":"2021-04-30T07:14:00","modified_gmt":"2021-04-30T11:14:00","slug":"representation-de-la-diaspora-tunisienne-en-italie-perplexite-questionnements-et-necessite-dune-reponse-urgente","status":"publish","type":"post","link":"https:\/\/linitiative.ca\/International\/representation-de-la-diaspora-tunisienne-en-italie-perplexite-questionnements-et-necessite-dune-reponse-urgente\/","title":{"rendered":"Repr\u00e9sentation de la diaspora tunisienne en Italie: Perplexit\u00e9, questionnements et n\u00e9cessit\u00e9 d&rsquo;une r\u00e9ponse urgente"},"content":{"rendered":"<p><span class=\"c2\"><em><strong><img decoding=\"async\" src=\"\/uploads\/FCK_files\/Adel-Chehida(1).jpg\" width=\"20%\" vspace=\"5\" hspace=\"5\" align=\"left\" alt=\"\"\/>Par Mohamed Adel Chehida\u00a0 &#8211;<\/strong><\/em><\/span> Le dernier acte terroriste perp\u00e9tr\u00e9 par un tunisien \u00e0 Rambouillet devrait interpeller \u00e0 plus d&rsquo;un titre, toute la diaspora tunisienne en Europe. La fili\u00e8re terroriste tunisienne est une r\u00e9alit\u00e9 inqui\u00e9tante qui assombrit davantage l&rsquo;avenir de la diaspora tunisienne \u00e0 l\u2019\u00e9tranger et son rapport \u00e0 la m\u00e8re-patrie en particulier.<\/p>\n<p>L\u2019exploitation de ces drames, la stigmatisation de toute une communaut\u00e9 par la droite et l\u2019extr\u00eame droite europ\u00e9ennes prolif\u00e8rent en l\u2019absence de vis-\u00e0-vis cr\u00e9dibles.<\/p>\n<p>Faut-il \u00e0 ce stade souligner que l&rsquo;encadrement et l&rsquo;accompagnement des jeunes g\u00e9n\u00e9rations n\u00e9es ou ayant v\u00e9cu en Europe est pour le moment le plus souvent assur\u00e9 par des mouvements \u00e0 connotation religieuse ?\u00a0 Ces jeunes en mal d\u2019int\u00e9gration, souvent en proie \u00e0 de graves crises identitaires et dont l\u2019avenir semble de plus en plus incertain, sont des proies faciles.<\/p>\n<p>Les torts sont partag\u00e9s. En ce qui me concerne, en tant que pr\u00e9sident d&rsquo;une association de tunisiens r\u00e9sidents en Italie, je souhaite livrer un message et attirer l&rsquo;attention sur les d\u00e9rives qui caract\u00e9risent depuis dix ans, l&rsquo;activisme aussi bien associatif qu&rsquo;individuel au sein de la soci\u00e9t\u00e9 civile tunisienne en Italie!<\/p>\n<p>Toutes les causes des d\u00e9rives observ\u00e9es sont difficiles \u00e0 cerner mais sont ind\u00e9niablement la reproduction \u00e0 l&rsquo;identique des tiraillements politiques qui s\u2019observent en Tunisie, de l\u2019affairisme, du client\u00e9lisme, bref d\u2019une \u00e9vidente m\u00e9diocrit\u00e9 de la vie politique.\u00a0<\/p>\n<p>Il faut rappeler, \u00e0 ce sujet, que l&rsquo;effritement du tissu associatif en Italie est d\u00fb principalement \u00e0 cette reproduction des m\u00eames fractures politiques et sociales observ\u00e9es en Tunisie et qui n\u2019ont fait que s&rsquo;accentuer davantage depuis 2011.<\/p>\n<p>D&rsquo;autre part, face \u00e0 l&rsquo;impossibilit\u00e9 l\u00e9gale d&rsquo;entreprendre des activit\u00e9s politiques en Italie, les divers protagonistes et certains repr\u00e9sentants de partis politiques ont contourn\u00e9 cette difficult\u00e9 en cr\u00e9ant des associations factices pour leurrer les autorit\u00e9s italiennes!<\/p>\n<p>Nombre de repr\u00e9sentants actuels des tunisiens \u00e0 l\u2019\u00e9tranger sont le fruit de ces man\u0153uvres. Ils suscitent perplexit\u00e9 et indignation, au regard de l\u2019instrumentalisation de la repr\u00e9sentation parlementaire, au profit des agendas de partis tunisiens dont ils sont devenus les concessionnaires.Dans le meilleur des cas, ils sont absents ou pire ils agissent au d\u00e9triment des int\u00e9r\u00eats de la diaspora.<\/p>\n<p>Tenant compte de la vuln\u00e9rabilit\u00e9 caract\u00e9ristique de la diaspora tunisienne en Italie, il est l\u00e9gitime de s\u2019inqui\u00e9ter ! Des milliers de personnes sont manifestement abandonn\u00e9es \u00e0 leur sort par un syst\u00e8me de repr\u00e9sentation d\u00e9faillant et des institutions incapables de remplir leur r\u00f4le.<\/p>\n<p>Je pense \u00e9videmment \u00e0 la grande majorit\u00e9 des familles tunisiennes r\u00e9sidents en Italie, dignes et humbles qui arrivent \u00e0 survivre tant bien que mal, gr\u00e2ce \u00e0 un dur et honn\u00eate labeur pour assurer \u00e0 leurs enfants un acc\u00e8s \u00e0 cet ascenseur social que repr\u00e9sente l\u2019\u00e9ducation et dont ils ont \u00e9t\u00e9 priv\u00e9s dans leur pays d&rsquo;origine.<\/p>\n<p>Beaucoup de questions\u00a0 appellent urgemment des r\u00e9ponses et en premier lieu celles s&rsquo;agissant des responsabilit\u00e9s et de la pr\u00e9vention.<\/p>\n<p>Il faudra au pr\u00e9alable surmonter le premier \u00e9cueil, \u00e0 savoir qui est les intervenants, partenaires et institutions qui doivent agir?<\/p>\n<p>Quels sont les interlocuteurs qui devraient \u00eatre associ\u00e9s \u00e0 une refonte sur le moyen et long terme des paradigmes li\u00e9s \u00e0 la politique migratoire et aux politiques d&rsquo;int\u00e9gration ciblant surtout les jeunes g\u00e9n\u00e9rations ainsi que les nouveaux immigr\u00e9s?<\/p>\n<p>Quelles sont actions pr\u00e9ventives qui pourraient \u00eatre envisag\u00e9es en Italie ou en Europe afin de valoriser le multiculturalisme aupr\u00e8s des jeunes tunisiens en leur donnant des outils culturels et historiques qui peuvent les pr\u00e9munir contre les dogmes et l\u2019ignorance dont souffre une bonne partie des familles tunisiennes immigr\u00e9es en Italie?<\/p>\n<p>Quel est le r\u00f4le qui pourrait \u00eatre attribu\u00e9 au patrimoine mn\u00e9monique et culturel italo-tunisien?<\/p>\n<p>Beaucoup de rep\u00e8res culturels et historiques\u00a0 pourraient \u00eatre puis\u00e9s dans un tel patrimoine, comme dans d&rsquo;autres r\u00e9f\u00e9rentiels ancr\u00e9s dans les valeurs sp\u00e9cifiques \u00e0 la dimension m\u00e9diterran\u00e9enne de la Tunisianit\u00e9.<\/p>\n<p>Ces pistes pourraient soutenir l&rsquo;effort de r\u00e9conciliation identitaire des jeunes avec la patrie d\u2019origine, en leur offrant une alternative aux rejets dont ils sont victimes sur les deux rives de la m\u00e9diterran\u00e9e. L\u2019ignorance et la frustration sont le terreau exploit\u00e9 par les islamistes.<\/p>\n<p>Toujours est-il que de telles actions n\u00e9cessitent des institutions tunisiennes fonctionnelles, capables de mobiliser leurs ressources diplomatiques et consulaires, pr\u00eatent \u00e0 dialoguer en parfaite intelligence aussi bien avec l&rsquo;\u00e9lite de la diaspora, les institutions italiennes que l\u2019ensemble des TRE!<\/p>\n<p>Force est de constater que tel n&rsquo;est pas le cas pour le moment, au vu de la crise politique que vit au grand jour la Tunisie et au profil des \u00e9lus !<\/p>\n<p>D&rsquo;o\u00f9 l&rsquo;urgence de la n\u00e9cessit\u00e9 d&rsquo;une prise de conscience de la gravit\u00e9 de cette situation.<\/p>\n<p>La responsabilit\u00e9 d&rsquo;une telle prise de conscience devrait donc \u00eatre partag\u00e9e entre les autorit\u00e9s tunisiennes repr\u00e9sent\u00e9es par les missions consulaires et diplomatiques, la soci\u00e9t\u00e9 civile tunisienne et les autorit\u00e9s italiennes.<\/p>\n<p>En guise de conclusion, je reprendrais un avertissement adress\u00e9 aux occidentaux par l&rsquo;\u00e9crivain Amin Maalouf, dans son essai \u00a0\u00bb Le d\u00e9r\u00e8glement du monde\u00a0\u00bb: \u00ab Je l\u2019\u00e9cris sans d\u00e9tour, et en pesant mes mots : c\u2019est d\u2019abord l\u00e0, aupr\u00e8s des immigr\u00e9s, que la grande bataille de notre \u00e9poque devra \u00eatre men\u00e9e, c\u2019est ici qu\u2019elle sera gagn\u00e9e ou perdue. Ou bien l\u2019Occident parviendra \u00e0 les \u00e0 les rallier aux valeurs qui sont les siennes mais universelles, faisant d\u2019eux des interm\u00e9diaires dans ses rapports avec le reste du monde ; ou bien ils deviendront son plus grave probl\u00e8me. \u00bb<\/p>\n<p>Agissons donc, avant qu&rsquo;il ne soit trop tard et faisons en sorte que les immigr\u00e9s soient per\u00e7us comme une chance pour l&rsquo;occident et non une menace!<\/p>\n<p class=\"c4\"><strong>Docteur Mohamed Adel Chehida<\/strong><br \/><span class=\"c3\"><em>Pr\u00e9sident de l&rsquo;association des tunisiens en Italie (ATI-Associazione Tunisini in Italia)<\/em><\/span><br \/>\u00a0<\/p>\n<p>Auteur:<br \/>\n<a href=\"https:\/\/www.leaders.com.tn\/article\/31798-representation-de-la-diaspora-tunisienne-a-l-etranger-perplexites-questionnements-necessite-d-une-reflexion\">Cliquez ici pour lire l&rsquo;article depuis sa source.<\/a><\/p>\n","protected":false},"excerpt":{"rendered":"<p>Par Mohamed Adel Chehida\u00a0 &#8211; Le dernier acte terroriste perp\u00e9tr\u00e9 par un tunisien \u00e0 Rambouillet devrait interpeller \u00e0 plus d&rsquo;un titre, toute la diaspora tunisienne en Europe. La fili\u00e8re terroriste tunisienne est une r\u00e9alit\u00e9 inqui\u00e9tante qui assombrit davantage l&rsquo;avenir de la diaspora tunisienne \u00e0 l\u2019\u00e9tranger et son rapport \u00e0 la m\u00e8re-patrie en particulier. L\u2019exploitation de [&hellip;]<\/p>\n","protected":false},"author":1772,"featured_media":0,"comment_status":"closed","ping_status":"closed","sticky":false,"template":"","format":"standard","meta":{"fifu_image_url":"\/uploads\/FCK_files\/Adel-Chehida(1).jpg","fifu_image_alt":"<div>Repr\u00e9sentation de la diaspora tunisienne en Italie: Perplexit\u00e9, questionnements et n\u00e9cessit\u00e9 d'une r\u00e9ponse urgente<\/div>","footnotes":""},"categories":[73,55],"tags":[],"class_list":["post-115902","post","type-post","status-publish","format-standard","hentry","category-actualite","category-tunisie"],"_links":{"self":[{"href":"https:\/\/linitiative.ca\/International\/wp-json\/wp\/v2\/posts\/115902","targetHints":{"allow":["GET"]}}],"collection":[{"href":"https:\/\/linitiative.ca\/International\/wp-json\/wp\/v2\/posts"}],"about":[{"href":"https:\/\/linitiative.ca\/International\/wp-json\/wp\/v2\/types\/post"}],"author":[{"embeddable":true,"href":"https:\/\/linitiative.ca\/International\/wp-json\/wp\/v2\/users\/1772"}],"replies":[{"embeddable":true,"href":"https:\/\/linitiative.ca\/International\/wp-json\/wp\/v2\/comments?post=115902"}],"version-history":[{"count":0,"href":"https:\/\/linitiative.ca\/International\/wp-json\/wp\/v2\/posts\/115902\/revisions"}],"wp:attachment":[{"href":"https:\/\/linitiative.ca\/International\/wp-json\/wp\/v2\/media?parent=115902"}],"wp:term":[{"taxonomy":"category","embeddable":true,"href":"https:\/\/linitiative.ca\/International\/wp-json\/wp\/v2\/categories?post=115902"},{"taxonomy":"post_tag","embeddable":true,"href":"https:\/\/linitiative.ca\/International\/wp-json\/wp\/v2\/tags?post=115902"}],"curies":[{"name":"wp","href":"https:\/\/api.w.org\/{rel}","templated":true}]}}