{"id":115903,"date":"2021-04-30T07:32:00","date_gmt":"2021-04-30T11:32:00","guid":{"rendered":"https:\/\/linitiative.ca\/International\/hommage-a-ali-yahya-abdennour-le-grand-defenseur-des-droits-de-lhomme\/"},"modified":"2021-04-30T07:32:00","modified_gmt":"2021-04-30T11:32:00","slug":"hommage-a-ali-yahya-abdennour-le-grand-defenseur-des-droits-de-lhomme","status":"publish","type":"post","link":"https:\/\/linitiative.ca\/International\/hommage-a-ali-yahya-abdennour-le-grand-defenseur-des-droits-de-lhomme\/","title":{"rendered":"Hommage \u00e0 Ali Yahya Abdennour, le grand d\u00e9fenseur des droits de l\u2019homme"},"content":{"rendered":"<p><span class=\"c2\"><em><strong><img decoding=\"async\" src=\"\/uploads\/FCK_files\/Slaheddine-Belaid.jpg\" width=\"20%\" vspace=\"5\" hspace=\"5\" align=\"left\" alt=\"\"\/>Par Slaheddine Bela\u00efd &#8211;<\/strong><\/em><\/span> Le 25 avril dernier, Me Ali Yahya Abdennour, figure embl\u00e9matique de la soci\u00e9t\u00e9 civile alg\u00e9rienne, co-fondateur puis pr\u00e9sident de la Ligue alg\u00e9rienne de d\u00e9fense des droits de l\u2019homme (LADDH), tirait sa r\u00e9v\u00e9rence \u00e0 l\u2019aube de sa cent uni\u00e8me ann\u00e9e. Sa remarquable long\u00e9vit\u00e9 et son engagement pr\u00e9coce dans la vie publique en ont fait un t\u00e9moin privil\u00e9gi\u00e9 et un acteur incontournable de tous les moments cruciaux de l\u2019histoire contemporaine de l\u2019Alg\u00e9rie depuis la deuxi\u00e8me guerre mondiale au cours de laquelle il est\u00a0 mobilis\u00e9, envoy\u00e9 au front et bless\u00e9, &#8211; avant de d\u00e9couvrir, \u00e0 l\u2019armistice, l\u2019atrocit\u00e9 des massacres de S\u00e9tif et de Guelma &#8211; jusqu\u2019au d\u00e9clenchement du Hirak en 2019 auquel il apporte son soutien, en passant par la guerre de lib\u00e9ration, les premiers gouvernements de l\u2019Alg\u00e9rie ind\u00e9pendante, la mont\u00e9e en puissance du FIS et la d\u00e9cennie noire.<\/p>\n<p>Fid\u00e8le \u00e0 une tradition bien \u00e9tablie, le quotidien fran\u00e7ais Le Monde a consacr\u00e9 \u00e0 Me Ali Yahya Abdennour, comme il l\u2019avait fait avant lui pour d\u2019autre leaders maghr\u00e9bins,\u00a0 une r\u00e9trospective o\u00f9 sont relat\u00e9s, \u00e0 c\u00f4t\u00e9 d\u2019une biographie succincte, les engagements et les combats de cet \u00ab infatigable militant des droits humains \u00bb (voir Le Monde du 26 avril 2021).<\/p>\n<p>Mon propos n\u2019est pas, ici, de faire le\u00a0 compte rendu de cet excellent travail journalistique dont il est pr\u00e9f\u00e9rable de prendre connaissance \u00e0 la source, mais\u00a0 d\u2019essayer de pallier l\u2019absence totale de r\u00e9action des milieux politiques et m\u00e9diatiques tunisiens \u00e0 l\u2019\u00e9v\u00e8nement\u00a0 que constitue la disparition de cette personnalit\u00e9 maghr\u00e9bine de premier plan. A l\u2019heure o\u00f9 les nouveaux moyens de communication tels que Tweeter ou Facebook donnent \u00e0 tout observateur ou acteur de la vie publique la possibilit\u00e9 de r\u00e9agir instantan\u00e9ment l\u2019actualit\u00e9 du jour, le silence du microcosme politico-m\u00e9diatique tunisien, quel qu\u2019en soit la raison, est inexcusable.<\/p>\n<p>Durant la d\u00e9cennie noire qu\u2019a connue l\u2019Alg\u00e9rie \u00e0 la fin du si\u00e8cle dernier, Me Ali Yahya Abdennour a \u00e9t\u00e9 confront\u00e9 \u00e0 l\u2019animosit\u00e9 d\u2019une partie de la presse alg\u00e9rienne qui lui reprochait d\u2019avoir pris la d\u00e9fense d\u2019islamistes victimes de\u00a0 r\u00e9pression. Sa r\u00e9ponse cinglante, qui vaut \u00e9galement pour la presse tunisienne d\u2019aujourd\u2019hui, tient dans les deux d\u00e9clarations suivantes rapport\u00e9es par le quotidien Le Monde dans l\u2019article cit\u00e9 ci-dessus:\u00a0<\/p>\n<p class=\"c3\"><em>\u2022 \u00abQuand les droits de l\u2019homme sont bafou\u00e9s, je ne cherche pas \u00e0 savoir si la victime est d\u00e9mocrate ou islamique pour lui porter aide et assistance. Il n\u2019y a pas de diff\u00e9rences entre toutes les victimes\u00a0 de la r\u00e9pression affect\u00e9es du m\u00eame coefficient d\u2019humanit\u00e9 car les droits de l\u2019homme sont au dessus de tous les clivages politiques ou id\u00e9ologiques.\u00bb<br \/><\/em><\/p>\n<p class=\"c3\"><em>\u2022 \u00abDepuis octobre 1988, mes prises de position pour la promotion et la d\u00e9fense des droits de l\u2019homme m\u2019ont valu des rancunes tenaces concr\u00e9tis\u00e9es par de nombreux articles de presse qui contiennent tout ce que je rejette, la vulgarit\u00e9 intellectuelle, la mutilation de la v\u00e9rit\u00e9, l\u2019asservissement au pouvoir. Je me suis trouv\u00e9 au carrefour de tous les malentendus, o\u00f9 la haine, l\u2019insulte, la diffamation ont fait office de pi\u00e8ces \u00e0 conviction.\u00bb<\/em><\/p>\n<p>Il n\u2019y a rien \u00e0 ajouter sauf \u00e0 prier Allah pour qu\u2019il l\u2019entoure de son infinie mis\u00e9ricorde.<\/p>\n<p class=\"c4\"><strong>Slaheddine Bela\u00efd<\/strong><\/p>\n<p>Auteur:<br \/>\n<a href=\"https:\/\/www.leaders.com.tn\/article\/31799-hommage-a-ali-yahya-abdennour-le-grand-defenseur-des-droits-de-l-homme\">Cliquez ici pour lire l&rsquo;article depuis sa source.<\/a><\/p>\n","protected":false},"excerpt":{"rendered":"<p>Par Slaheddine Bela\u00efd &#8211; Le 25 avril dernier, Me Ali Yahya Abdennour, figure embl\u00e9matique de la soci\u00e9t\u00e9 civile alg\u00e9rienne, co-fondateur puis pr\u00e9sident de la Ligue alg\u00e9rienne de d\u00e9fense des droits de l\u2019homme (LADDH), tirait sa r\u00e9v\u00e9rence \u00e0 l\u2019aube de sa cent uni\u00e8me ann\u00e9e. Sa remarquable long\u00e9vit\u00e9 et son engagement pr\u00e9coce dans la vie publique en [&hellip;]<\/p>\n","protected":false},"author":1772,"featured_media":0,"comment_status":"closed","ping_status":"closed","sticky":false,"template":"","format":"standard","meta":{"fifu_image_url":"\/uploads\/FCK_files\/Slaheddine-Belaid.jpg","fifu_image_alt":"Hommage \u00e0 Ali Yahya Abdennour, le grand d\u00e9fenseur des droits de l\u2019homme","footnotes":""},"categories":[73,55],"tags":[],"class_list":["post-115903","post","type-post","status-publish","format-standard","hentry","category-actualite","category-tunisie"],"_links":{"self":[{"href":"https:\/\/linitiative.ca\/International\/wp-json\/wp\/v2\/posts\/115903","targetHints":{"allow":["GET"]}}],"collection":[{"href":"https:\/\/linitiative.ca\/International\/wp-json\/wp\/v2\/posts"}],"about":[{"href":"https:\/\/linitiative.ca\/International\/wp-json\/wp\/v2\/types\/post"}],"author":[{"embeddable":true,"href":"https:\/\/linitiative.ca\/International\/wp-json\/wp\/v2\/users\/1772"}],"replies":[{"embeddable":true,"href":"https:\/\/linitiative.ca\/International\/wp-json\/wp\/v2\/comments?post=115903"}],"version-history":[{"count":0,"href":"https:\/\/linitiative.ca\/International\/wp-json\/wp\/v2\/posts\/115903\/revisions"}],"wp:attachment":[{"href":"https:\/\/linitiative.ca\/International\/wp-json\/wp\/v2\/media?parent=115903"}],"wp:term":[{"taxonomy":"category","embeddable":true,"href":"https:\/\/linitiative.ca\/International\/wp-json\/wp\/v2\/categories?post=115903"},{"taxonomy":"post_tag","embeddable":true,"href":"https:\/\/linitiative.ca\/International\/wp-json\/wp\/v2\/tags?post=115903"}],"curies":[{"name":"wp","href":"https:\/\/api.w.org\/{rel}","templated":true}]}}