{"id":115906,"date":"2021-04-30T11:51:46","date_gmt":"2021-04-30T15:51:46","guid":{"rendered":"https:\/\/linitiative.ca\/International\/seat-maroc-devoile-sa-feuille-de-route\/"},"modified":"2021-04-30T11:51:46","modified_gmt":"2021-04-30T15:51:46","slug":"seat-maroc-devoile-sa-feuille-de-route","status":"publish","type":"post","link":"https:\/\/linitiative.ca\/International\/seat-maroc-devoile-sa-feuille-de-route\/","title":{"rendered":"Seat Maroc d\u00e9voile sa feuille de route"},"content":{"rendered":"<p><strong>Ayant int\u00e9gr\u00e9 officiellement le portefeuille de marque de la Centrale Automobile Ch\u00e9rifienne (CAC) depuis le 1<sup>er<\/sup> avril dernier, le staff de Seat Maroc est en train de d\u00e9rouler sa feuille de route strat\u00e9gique, l\u2019objectif consistant bien entendu \u00e0 tisser sa toile sur le march\u00e9 automobile marocain, mais aussi et surtout \u00e0 conqu\u00e9rir une client\u00e8le susceptible de se laisser s\u00e9duire par les atouts de la marque espagnole.<\/strong><\/p>\n<div class=\"c10\">\n<\/div>\n<p>S\u2019appuyant sur la stabilit\u00e9 et sur la capacit\u00e9 financi\u00e8re de CAC, Seat Maroc a pris ses quartiers dans une plateforme flambant neuve situ\u00e9e au 66 boulevard Moulay Slimane. Afin d\u2019\u00e9tendre son maillage territorial, le nouvel importateur de la marque a lanc\u00e9 r\u00e9cemment un appel \u00e0 candidatures pour s\u2019assurer d\u2019une repr\u00e9sentation dans les plus grandes villes du Royaume.<\/p>\n<p><strong>Lire aussi |<a href=\"https:\/\/www.challenge.ma\/flambee-des-prix-des-matieres-premieres-et-du-fret-les-industriels-marocains-sous-pression-183013\/\">Flamb\u00e9e des prix des mati\u00e8res premi\u00e8res et du fret : les industriels marocains sous pression<\/a><\/strong><\/p>\n<p>\u00c0 travers une vid\u00e9o r\u00e9cente d\u00e9voil\u00e9e par le staff local de Seat \u00e0 l\u2019attention de la presse nationale, Adel Zerrouk est revenu plus en d\u00e9tail sur quelques axes strat\u00e9giques de d\u00e9veloppement de la marque. \u00abCAC met tout son savoir-faire au service de Seat dans le Royaume afin de la relancer, avec un personnel form\u00e9 et hautement qualifi\u00e9 pour r\u00e9pondre aux besoins de notre client\u00e8le\u00bb, a pr\u00e9cis\u00e9 le Directeur de la marque Seat. Il poursuit\u00a0:\u00a0\u00abnotre strat\u00e9gie produit est tr\u00e8s claire. Elle se base sur trois piliers principaux \u00e0 savoir le rapport qualit\u00e9\/prix \u00e0 travers des \u00e9quipements jamais offerts au Maroc, une connectivit\u00e9 optimale au sein de nos v\u00e9hicules et l\u2019urbanisation\u00bb.<\/p>\n<figure class=\"wp-block-image size-large is-resized\"><img decoding=\"async\" loading=\"lazy\" src=\"https:\/\/www.challenge.ma\/wp-content\/uploads\/2021\/04\/Josep-Maria-Garcia-Seat.png\" alt=\"\" class=\"wp-image-183098\" width=\"836\" height=\"506\" srcset=\"https:\/\/www.challenge.ma\/wp-content\/uploads\/2021\/04\/Josep-Maria-Garcia-Seat.png 962w, https:\/\/www.challenge.ma\/wp-content\/uploads\/2021\/04\/Josep-Maria-Garcia-Seat-300x181.png 300w, https:\/\/www.challenge.ma\/wp-content\/uploads\/2021\/04\/Josep-Maria-Garcia-Seat-768x465.png 768w, https:\/\/www.challenge.ma\/wp-content\/uploads\/2021\/04\/Josep-Maria-Garcia-Seat-360x218.png 360w, https:\/\/www.challenge.ma\/wp-content\/uploads\/2021\/04\/Josep-Maria-Garcia-Seat-750x454.png 750w\" sizes=\"auto, (max-width: 836px) 100vw, 836px\"\/><figcaption><em>Josep Maria Garcia, Directeur de ventes Overseas de Seat S.A.<\/em><\/figcaption><\/figure>\n<p>Dans le d\u00e9tail, la gamme des produits Seat s\u2019articule autour de la petite citadine Ibiza, disponible en essence et en diesel (1,0 litre essence de 75 chevaux et 1,6 litre TDI de 95 chevaux). Une citadine pour laquelle M. Zerrouk nourrit des ambitions pr\u00e9cises, souhaitant positionner l\u2019engin dans le top 3 des ventes dans le segment essence. Au rayon des SUV urbains et compacts, Seat Maroc table sur l\u2019Arona disponible en diesel (1,6 litre TDI de 95 chevaux) et l\u2019Ateca motoris\u00e9 par un bloc diesel (2,0 litres TDI de 143 chevaux). Reste \u00e0 d\u00e9couvrir la nouvelle Leon dont la commercialisation devrait se faire dans le Royaume \u00e0 partir du 2<sup>\u00e8me<\/sup> semestre de l\u2019ann\u00e9e.<\/p>\n<p><strong>Lire aussi |<a href=\"https:\/\/www.challenge.ma\/votre-e-magazine-challenge-du-vendredi-30-avril-2021-183008\/\">Votre e-magazine Challenge du vendredi 30 avril 2021<\/a><\/strong><\/p>\n<p>Faut-il pr\u00e9ciser que le staff local de la marque s\u2019est particuli\u00e8rement pench\u00e9 sur la liste des \u00e9quipements de confort et de s\u00e9curit\u00e9 des v\u00e9hicules commercialis\u00e9s, l\u2019objectif consistant \u00e0 rendre accessible \u00e0 la client\u00e8le des versions sur\u00e9quip\u00e9es avec le meilleur rapport qualit\u00e9-prix.<\/p>\n<p>\u00abNotre objectif est d\u2019atteindre dans les ann\u00e9es \u00e0 venir une part de march\u00e9 de 3% au Maroc\u00bb, s\u2019est exprim\u00e9 \u00e0 travers la vid\u00e9o Josep Maria Garcia. Et le Directeur des ventes de Seat SA \u00e0 l\u2019\u00e9tranger de poursuivre\u00a0: \u00abje suis s\u00fbr que nous atteindrons cet objectif. Aussi, notre nouveau r\u00e9seau de concessionnaires sera \u00e9galement un pilier d\u00e9terminant pour notre d\u00e9veloppement dans le Royaume\u00bb.<\/p>\n<p>\u00a0Pour autant, les ambitions de Seat Maroc ne s\u2019arr\u00eatent pas en si bon chemin. En effet, l\u2019importateur de la marque est en train de plancher activement sur l\u2019introduction \u00e0 venir de Cupra, la marque de v\u00e9hicules sportifs de Seat, mais aussi de M\u00d3, la nouvelle marque de\u00a0mobilit\u00e9\u00a0urbaine et \u00e9lectrique du constructeur espagnol. Affaire \u00e0 suivre\u00a0!<\/p>\n<p>Auteur: David J\u00e9r\u00e9mie<br \/>\n<a href=\"https:\/\/www.challenge.ma\/seat-maroc-devoile-sa-feuille-de-route-183023\/\">Cliquez ici pour lire l&rsquo;article depuis sa source.<\/a><\/p>\n","protected":false},"excerpt":{"rendered":"<p>Ayant int\u00e9gr\u00e9 officiellement le portefeuille de marque de la Centrale Automobile Ch\u00e9rifienne (CAC) depuis le 1er avril dernier, le staff de Seat Maroc est en train de d\u00e9rouler sa feuille de route strat\u00e9gique, l\u2019objectif consistant bien entendu \u00e0 tisser sa toile sur le march\u00e9 automobile marocain, mais aussi et surtout \u00e0 conqu\u00e9rir une client\u00e8le susceptible [&hellip;]<\/p>\n","protected":false},"author":1787,"featured_media":0,"comment_status":"closed","ping_status":"closed","sticky":false,"template":"","format":"standard","meta":{"fifu_image_url":"https:\/\/www.challenge.ma\/wp-content\/uploads\/2021\/04\/Josep-Maria-Garcia-Seat.png","fifu_image_alt":"Seat Maroc d\u00e9voile sa feuille de route","footnotes":""},"categories":[78,54],"tags":[],"class_list":["post-115906","post","type-post","status-publish","format-standard","hentry","category-economie","category-maroc"],"_links":{"self":[{"href":"https:\/\/linitiative.ca\/International\/wp-json\/wp\/v2\/posts\/115906","targetHints":{"allow":["GET"]}}],"collection":[{"href":"https:\/\/linitiative.ca\/International\/wp-json\/wp\/v2\/posts"}],"about":[{"href":"https:\/\/linitiative.ca\/International\/wp-json\/wp\/v2\/types\/post"}],"author":[{"embeddable":true,"href":"https:\/\/linitiative.ca\/International\/wp-json\/wp\/v2\/users\/1787"}],"replies":[{"embeddable":true,"href":"https:\/\/linitiative.ca\/International\/wp-json\/wp\/v2\/comments?post=115906"}],"version-history":[{"count":0,"href":"https:\/\/linitiative.ca\/International\/wp-json\/wp\/v2\/posts\/115906\/revisions"}],"wp:attachment":[{"href":"https:\/\/linitiative.ca\/International\/wp-json\/wp\/v2\/media?parent=115906"}],"wp:term":[{"taxonomy":"category","embeddable":true,"href":"https:\/\/linitiative.ca\/International\/wp-json\/wp\/v2\/categories?post=115906"},{"taxonomy":"post_tag","embeddable":true,"href":"https:\/\/linitiative.ca\/International\/wp-json\/wp\/v2\/tags?post=115906"}],"curies":[{"name":"wp","href":"https:\/\/api.w.org\/{rel}","templated":true}]}}