{"id":115908,"date":"2021-04-30T15:43:02","date_gmt":"2021-04-30T19:43:02","guid":{"rendered":"https:\/\/linitiative.ca\/International\/maroc-usa-nasser-bourita-sentretient-avec-le-secretaire-detat-americain\/"},"modified":"2021-04-30T15:43:02","modified_gmt":"2021-04-30T19:43:02","slug":"maroc-usa-nasser-bourita-sentretient-avec-le-secretaire-detat-americain","status":"publish","type":"post","link":"https:\/\/linitiative.ca\/International\/maroc-usa-nasser-bourita-sentretient-avec-le-secretaire-detat-americain\/","title":{"rendered":"Maroc-USA :  Nasser Bourita s\u2019entretient avec le Secr\u00e9taire d\u2019Etat am\u00e9ricain"},"content":{"rendered":"<p><strong>Le ministre des Affaires \u00e9trang\u00e8res, de la Coop\u00e9ration africaine et des Marocains r\u00e9sidant \u00e0 l\u2019\u00e9tranger, Nasser Bourita, a eu, le 30 avril, un entretien t\u00e9l\u00e9phonique, avec le Secr\u00e9taire d\u2019\u00c9tat am\u00e9ricain, Anthony J. Blinken. Les d\u00e9tails.<\/strong><\/p>\n<div class=\"c10\">\n<\/div>\n<p>Selon le minist\u00e8re des Affaires \u00e9trang\u00e8res, les deux responsables se sont f\u00e9licit\u00e9s du partenariat strat\u00e9gique robuste et durable liant depuis des d\u00e9cennies le Royaume du Maroc et les \u00c9tats-Unis d\u2019Am\u00e9rique. Notons que le Secr\u00e9taire d\u2019\u00c9tat am\u00e9ricain a lou\u00e9 les avanc\u00e9es r\u00e9alis\u00e9es par le Maroc durant les deux derni\u00e8res d\u00e9cennies sous la conduite de Sa Majest\u00e9 le Roi Mohammed VI \u00a0au niveau des r\u00e9formes politiques, du progr\u00e8s \u00e9conomique et du d\u00e9veloppement social.<\/p>\n<p><strong>Lire aussi| <a href=\"https:\/\/www.challenge.ma\/coronavirus-la-cnss-prolonge-lindemnite-forfaitaire-aux-sous-secteurs-des-activites-de-traiteurs-et-de-levenementiel-183088\/\">Coronavirus : la CNSS prolonge l\u2019indemnit\u00e9 forfaitaire aux sous-secteurs des activit\u00e9s de traiteurs et de l\u2019\u00e9v\u00e9nementiel<\/a><\/strong><\/p>\n<p>Anthony J. Blinken a, en outre, salu\u00e9 le leadership du Souverain dans la lutte contre les changements climatiques et l\u2019investissement dans les \u00e9nergies renouvelables et la promotion de l\u2019\u00e9conomie verte. Les deux responsables ont \u00e9galement \u00e9chang\u00e9 autour des questions r\u00e9gionales d\u2019int\u00e9r\u00eat commun, notamment la situation en Libye et au Sahel. A cet \u00e9gard, le Secr\u00e9taire d\u2019Etat a aussi salu\u00e9 le r\u00f4le stabilisateur jou\u00e9 par le Maroc dans un voisinage empreint de turbulences.<\/p>\n<p>Dans le contexte de l\u2019accord trilat\u00e9ral sign\u00e9 le 22 d\u00e9cembre 2020 par les \u00c9tats-Unis, Isra\u00ebl et le Maroc, Anthony J. Blinken a salu\u00e9 la reprise des contacts officiels entre le Maroc et Isra\u00ebl et a not\u00e9 que ces relations ne manqueront pas d\u2019apporter des dividendes \u00e0 long terme, tout en soulignant le r\u00f4le pionnier et l\u2019action cr\u00e9dible du Maroc dans l\u2019av\u00e8nement d\u2019une paix durable au Moyen-Orient.<\/p>\n<p><strong>Lire aussi| <a href=\"https:\/\/www.challenge.ma\/personnes-physiques-nouvelles-brochures-de-loffice-des-changes-relatives-aux-facilites-et-avantages-183059\/\">Personnes physiques : nouvelles brochures de l\u2019Office des changes relatives aux facilit\u00e9s et avantages<\/a><\/strong><\/p>\n<p>Notons \u00e9galement que les deux responsables se sont f\u00e9licit\u00e9s de \u00ab\u00a0la c\u00e9l\u00e9bration cette ann\u00e9e du 200\u00e8me anniversaire du don du b\u00e2timent de la l\u00e9gation am\u00e9ricaine \u00e0 Tanger aux \u00c9tats-Unis par le Sultan Moulay Soulayman, un exemple des multiples volets du partenariat strat\u00e9gique maroco-am\u00e9ricain de longue date\u00a0\u00bb.<\/p>\n<p>Auteur: challenge<br \/>\n<a href=\"https:\/\/www.challenge.ma\/maroc-usa-nasser-bourita-sentretient-avec-le-secretaire-detat-americain-183112\/\">Cliquez ici pour lire l&rsquo;article depuis sa source.<\/a><\/p>\n","protected":false},"excerpt":{"rendered":"<p>Le ministre des Affaires \u00e9trang\u00e8res, de la Coop\u00e9ration africaine et des Marocains r\u00e9sidant \u00e0 l\u2019\u00e9tranger, Nasser Bourita, a eu, le 30 avril, un entretien t\u00e9l\u00e9phonique, avec le Secr\u00e9taire d\u2019\u00c9tat am\u00e9ricain, Anthony J. Blinken. Les d\u00e9tails. Selon le minist\u00e8re des Affaires \u00e9trang\u00e8res, les deux responsables se sont f\u00e9licit\u00e9s du partenariat strat\u00e9gique robuste et durable liant depuis [&hellip;]<\/p>\n","protected":false},"author":1787,"featured_media":0,"comment_status":"closed","ping_status":"closed","sticky":false,"template":"","format":"standard","meta":{"fifu_image_url":"","fifu_image_alt":"","footnotes":""},"categories":[78,54],"tags":[],"class_list":["post-115908","post","type-post","status-publish","format-standard","hentry","category-economie","category-maroc"],"_links":{"self":[{"href":"https:\/\/linitiative.ca\/International\/wp-json\/wp\/v2\/posts\/115908","targetHints":{"allow":["GET"]}}],"collection":[{"href":"https:\/\/linitiative.ca\/International\/wp-json\/wp\/v2\/posts"}],"about":[{"href":"https:\/\/linitiative.ca\/International\/wp-json\/wp\/v2\/types\/post"}],"author":[{"embeddable":true,"href":"https:\/\/linitiative.ca\/International\/wp-json\/wp\/v2\/users\/1787"}],"replies":[{"embeddable":true,"href":"https:\/\/linitiative.ca\/International\/wp-json\/wp\/v2\/comments?post=115908"}],"version-history":[{"count":0,"href":"https:\/\/linitiative.ca\/International\/wp-json\/wp\/v2\/posts\/115908\/revisions"}],"wp:attachment":[{"href":"https:\/\/linitiative.ca\/International\/wp-json\/wp\/v2\/media?parent=115908"}],"wp:term":[{"taxonomy":"category","embeddable":true,"href":"https:\/\/linitiative.ca\/International\/wp-json\/wp\/v2\/categories?post=115908"},{"taxonomy":"post_tag","embeddable":true,"href":"https:\/\/linitiative.ca\/International\/wp-json\/wp\/v2\/tags?post=115908"}],"curies":[{"name":"wp","href":"https:\/\/api.w.org\/{rel}","templated":true}]}}