{"id":115911,"date":"2021-04-30T16:38:10","date_gmt":"2021-04-30T20:38:10","guid":{"rendered":"https:\/\/linitiative.ca\/International\/tunisie-manque-doxygene-a-sfax-la-lecon-a-retenir\/"},"modified":"2021-04-30T16:38:10","modified_gmt":"2021-04-30T20:38:10","slug":"tunisie-manque-doxygene-a-sfax-la-lecon-a-retenir","status":"publish","type":"post","link":"https:\/\/linitiative.ca\/International\/tunisie-manque-doxygene-a-sfax-la-lecon-a-retenir\/","title":{"rendered":"Tunisie \u2013 Manque d\u2019oxyg\u00e8ne \u00e0 Sfax\u00a0: La le\u00e7on \u00e0 retenir\u00a0!"},"content":{"rendered":"<div class=\"post-cont-in left relative\">\n<div id=\"post-info-wrap\" class=\"left relative post-info-out\">\n<div class=\"post-info-img left relative\"><img decoding=\"async\" alt=\"\" src=\"https:\/\/secure.gravatar.com\/avatar\/96253f4a657b482a18e837c1252096c2?s=50&amp;d=mm&amp;r=g\" srcset=\"https:\/\/secure.gravatar.com\/avatar\/96253f4a657b482a18e837c1252096c2?s=100&amp;d=mm&amp;r=g 2x\" class=\"avatar avatar-50 photo\" height=\"50\" width=\"50\" loading=\"lazy\"\/><\/div>\n<div class=\"post-info-in\">\n<div class=\"post-info-right left relative post-info-name left relative\"><span><span class=\"post-info-text\">Par<\/span> <span class=\"author-name vcard fn author\"><a href=\"https:\/\/www.tunisienumerique.com\/author\/saber\/\" title=\"Articles par Saber .\" rel=\"author\">Saber .<\/a><\/span><\/span> <span class=\"post-date updated\"><time class=\"post-date updated\" datetime=\"2021-04-30\">\u00a0| Il y a 21 minutes<\/time><\/span><br \/>\n<meta itemprop=\"dateModified\" content=\"2021-04-30\"\/><\/div>\n<div class=\"left relative\"><button id=\"listenButton1\" class=\"responsivevoice-button\" type=\"button\" value=\"Play\" title=\"\u00c9coutez l'article\"><span>\ud83d\udd0a \u00c9coutez l&rsquo;article<\/span><\/button>\n<\/div>\n<\/div>\n<\/div>\n<p>On a fr\u00f4l\u00e9 la catastrophe, hier soir, \u00e0 Sfax. Si ce n\u2019\u00e9tait la r\u00e9activit\u00e9 et l\u2019efficacit\u00e9 d\u2019intervention du cadre m\u00e9dical et administratif de l\u2019h\u00f4pital H\u00e9di Chaker, on se serait r\u00e9veill\u00e9, ce vendredi, sur la tragique nouvelle d\u2019un massacre.<\/p>\n<div class=\"code-block code-block-1 c4\">\n <ins class=\"adsbygoogle c3\" data-ad-layout=\"in-article\" data-ad-format=\"fluid\" data-ad-client=\"ca-pub-2102118777505746\" data-ad-slot=\"7301775417\"\/>\n<\/div>\n<p>Hier en milieu d\u2019apr\u00e8s midi, les \u00e9quipes en service \u00e0 l\u2019h\u00f4pital H\u00e9di Chaker \u00e0 Sfax, ont tir\u00e9 la sonnette d\u2019alarme. Les niveaux des stocks d\u2019oxyg\u00e8ne \u00e0 l\u2019h\u00f4pital n\u2019allaient pas suffire pour prendre en charge tous les patients qui y \u00e9taient hospitalis\u00e9s. Il fallait r\u00e9agir de toute urgence. Il fallait, soit ramener, imm\u00e9diatement, de l\u2019oxyg\u00e8ne en quantit\u00e9 suffisante, soit diminuer la consommation, c\u2019est-\u00e0-dire, diminuer le nombre de malades qui en consomment.<\/p>\n<p>Il semble qu\u2019il ait \u00e9t\u00e9 impossible de ramener de l\u2019oxyg\u00e8ne, d\u2019o\u00f9 la d\u00e9cision de transf\u00e9rer un certain nombre de patients vers un autre \u00e9tablissement de soins, pour permettre \u00e0 ceux qui allaient rester, de passer la nuit. C\u2019est ainsi, qu\u2019une noria a \u00e9t\u00e9 mise en place pour une \u00e9vacuation dans l\u2019ordre et \u00e0 froid d\u2019une trentaine de patients qui ont \u00e9t\u00e9 dirig\u00e9s vers l\u2019h\u00f4pital militaire et l\u2019h\u00f4pital universitaire de la ville transform\u00e9, \u00e0 la derni\u00e8re minute, en h\u00f4pital militaire.<\/p>\n<p>Ainsi, le drame a pu \u00eatre \u00e9vit\u00e9. Des quantit\u00e9s suppl\u00e9mentaires d\u2019oxyg\u00e8ne ont pu \u00eatre achemin\u00e9es, ce matin vers les h\u00f4pitaux de la ville.<\/p>\n<p>Apr\u00e8s les f\u00e9licitations dues aux cadres m\u00e9dicaux et administratifs de cet h\u00f4pital, il s\u2019agit, maintenant de tirer les le\u00e7ons qu\u2019il faut de cet\u00a0\u00ab\u00a0incident\u00a0\u00bb.<\/p>\n<p>Comment en est-on arriv\u00e9 \u00e0 ce stade, par rapport \u00e0 la baisse des r\u00e9serves d\u2019oxyg\u00e8ne\u00a0?<\/p>\n<p>Pour quelle raison n\u2019a-t-on pas pu ravitailler \u00e0 temps l\u2019h\u00f4pital ?<\/p>\n<p>Comment a-t-on fait pour trouver une trentaine de lits dans un \u00e9tablissement sanitaire alors qu\u2019on annonce, depuis plusieurs jours, une saturation des lits de r\u00e9animation et d\u2019oxyg\u00e8ne, notamment \u00e0 Sfax\u00a0?<\/p>\n<p>Ind\u00e9pendamment des r\u00e9ponses \u00e0 ces questions, il y aurait lieu de r\u00e9fl\u00e9chir, pour de bon, \u00e0 r\u00e9soudre ce type de probl\u00e8mes.<\/p>\n<p>Pourquoi ne pas penser \u00e0 une entit\u00e9 centrale au sein du minist\u00e8re de la Sant\u00e9, charg\u00e9e de coordonner le ravitaillement en oxyg\u00e8ne de tous les \u00e9tablissements sanitaires suivant un sch\u00e9ma de priorit\u00e9 et suivant le nombre de malades dans chaque \u00e9tablissement? Cette entit\u00e9 devra:<\/p>\n<ul>\n<li>Anticiper et faire des pr\u00e9visions d\u2019au moins dix jours.<\/li>\n<li>Cr\u00e9er un service de navettes et de transport de gaz m\u00e9dicaux qui devrait tourner 24 heurs sur 24, pour distribuer ces fluides et les transf\u00e9rer de r\u00e9gion en r\u00e9gion, pour pallier aux manques.<\/li>\n<li>Mettre en place d\u2019un r\u00e9seau palliatif de sources d\u2019oxyg\u00e8ne, \u00e0 maintenir en r\u00e9serve pour les \u00e9ventuelles d\u00e9faillances.<\/li>\n<li>Etablir un programme prioritaire de production et d\u2019achat d\u2019oxyg\u00e8ne et\u00a0 mobiliser les fonds n\u00e9cessaires.<\/li>\n<li>Dresser l\u2019inventaire exact des lits d\u2019hospitalisation disponibles dans toutes les structures du pays et veiller \u00e0 ne pas laisser des dizaines de lits vides alors que des tunisiens meurent chez eux \u00e0 d\u00e9faut de places dans les h\u00f4pitaux.<\/li>\n<li>R\u00e9viser la d\u00e9cision incompr\u00e9hensible de bloquer une structure comme l\u2019h\u00f4pital chinois que la r\u00e9gion de Sfax attendait depuis plus de dix ans, pour le voir, enfin, lui filer sous le nez\u00a0!<\/li>\n<\/ul>\n<p>Autant de gestes qui ne co\u00fbtent rien, \u00e0 part de l\u2019huile de coude, mais qui pourraient contribuer \u00e0 sauver la vie \u00e0 des milliers de tunisiens\u00a0!<\/p>\n<p>Gare \u00e0 l\u2019histoire qui risque de ne jamais pardonner des d\u00e9passements et des insuffisances de ce genre!<\/p>\n<div class=\"swp_social_panel swp_horizontal_panel swp_flat_fresh swp_default_full_color swp_individual_full_color swp_other_full_color scale-100 scale-\" data-min-width=\"1100\" data-float-color=\"#ffffff\" data-float=\"bottom\" data-float-mobile=\"bottom\" data-transition=\"slide\">\n<div class=\"nc_tweetContainer swp_share_button total_shares total_sharesalt\"><span class=\"swp_count\">2 <span class=\"swp_label\">Partages<\/span><\/span><\/div>\n<\/div>\n<p><strong>Que se passe-t-il en Tunisie?<\/strong><br \/>Nous expliquons sur notre <a href=\"https:\/\/www.youtube.com\/channel\/UCRzypVq0B_yBad5eGrwBx0Q?sub_confirmation=1\" target=\"_blank\" rel=\"noopener\">cha\u00eene YouTube<\/a> . <a href=\"https:\/\/www.youtube.com\/channel\/UCRzypVq0B_yBad5eGrwBx0Q?sub_confirmation=1\" target=\"_blank\" rel=\"noopener\">Abonnez-vous!<\/a><\/p>\n<div class=\"mvp-org-wrap\" itemprop=\"publisher\">\n<div class=\"mvp-org-logo\" itemprop=\"logo\"><img decoding=\"async\" src=\"https:\/\/www.tunisienumerique.com\/wp-content\/uploads\/2017\/02\/logo_tunisie_numerique.png\"\/><br \/>\n<meta itemprop=\"url\" content=\"https:\/\/www.tunisienumerique.com\/wp-content\/uploads\/2017\/02\/logo_tunisie_numerique.png\"\/><\/div>\n<p><meta content=\"Tunisie\"\/><\/div>\n<div class=\"mvp-related-posts left relative\">\n<h4 class=\"post-header\"><span class=\"post-header\">Lire aussi<\/span><\/h4>\n<\/div>\n<div id=\"article-ad\">\n <ins class=\"adsbygoogle c5\" data-ad-client=\"ca-pub-2102118777505746\" data-ad-slot=\"6513972734\" data-ad-format=\"auto\" data-full-width-responsive=\"true\"\/>\n<\/div>\n<\/div>\n<div id=\"post-sidebar-wrap\">\n <ins class=\"adsbygoogle c5\" data-ad-client=\"ca-pub-2102118777505746\" data-ad-slot=\"6168283410\" data-ad-format=\"auto\" data-full-width-responsive=\"true\"\/>\n<\/div>\n<p>Auteur: Saber .<br \/>\n<a href=\"https:\/\/www.tunisienumerique.com\/tunisie-manque-doxygene-a-sfax-la-lecon-a-retenir\/\">Cliquez ici pour lire l&rsquo;article depuis sa source.<\/a><\/p>\n","protected":false},"excerpt":{"rendered":"<p>Par Saber . \u00a0| Il y a 21 minutes \ud83d\udd0a \u00c9coutez l&rsquo;article On a fr\u00f4l\u00e9 la catastrophe, hier soir, \u00e0 Sfax. Si ce n\u2019\u00e9tait la r\u00e9activit\u00e9 et l\u2019efficacit\u00e9 d\u2019intervention du cadre m\u00e9dical et administratif de l\u2019h\u00f4pital H\u00e9di Chaker, on se serait r\u00e9veill\u00e9, ce vendredi, sur la tragique nouvelle d\u2019un massacre. Hier en milieu d\u2019apr\u00e8s midi, [&hellip;]<\/p>\n","protected":false},"author":1789,"featured_media":0,"comment_status":"closed","ping_status":"closed","sticky":false,"template":"","format":"standard","meta":{"fifu_image_url":"https:\/\/secure.gravatar.com\/avatar\/96253f4a657b482a18e837c1252096c2?s=50&d=mm&r=g","fifu_image_alt":"Tunisie \u2013 Manque d\u2019oxyg\u00e8ne \u00e0 Sfax\u00a0: La le\u00e7on \u00e0 retenir\u00a0!","footnotes":""},"categories":[73,55],"tags":[],"class_list":["post-115911","post","type-post","status-publish","format-standard","hentry","category-actualite","category-tunisie"],"_links":{"self":[{"href":"https:\/\/linitiative.ca\/International\/wp-json\/wp\/v2\/posts\/115911","targetHints":{"allow":["GET"]}}],"collection":[{"href":"https:\/\/linitiative.ca\/International\/wp-json\/wp\/v2\/posts"}],"about":[{"href":"https:\/\/linitiative.ca\/International\/wp-json\/wp\/v2\/types\/post"}],"author":[{"embeddable":true,"href":"https:\/\/linitiative.ca\/International\/wp-json\/wp\/v2\/users\/1789"}],"replies":[{"embeddable":true,"href":"https:\/\/linitiative.ca\/International\/wp-json\/wp\/v2\/comments?post=115911"}],"version-history":[{"count":0,"href":"https:\/\/linitiative.ca\/International\/wp-json\/wp\/v2\/posts\/115911\/revisions"}],"wp:attachment":[{"href":"https:\/\/linitiative.ca\/International\/wp-json\/wp\/v2\/media?parent=115911"}],"wp:term":[{"taxonomy":"category","embeddable":true,"href":"https:\/\/linitiative.ca\/International\/wp-json\/wp\/v2\/categories?post=115911"},{"taxonomy":"post_tag","embeddable":true,"href":"https:\/\/linitiative.ca\/International\/wp-json\/wp\/v2\/tags?post=115911"}],"curies":[{"name":"wp","href":"https:\/\/api.w.org\/{rel}","templated":true}]}}