{"id":115912,"date":"2021-04-30T16:55:04","date_gmt":"2021-04-30T20:55:04","guid":{"rendered":"https:\/\/linitiative.ca\/International\/tunisie-apres-le-fiasco-de-la-vaccination-mechichi-va-t-il-retirer-le-dossier-au-ministre-de-la-sante\/"},"modified":"2021-04-30T16:55:04","modified_gmt":"2021-04-30T20:55:04","slug":"tunisie-apres-le-fiasco-de-la-vaccination-mechichi-va-t-il-retirer-le-dossier-au-ministre-de-la-sante","status":"publish","type":"post","link":"https:\/\/linitiative.ca\/International\/tunisie-apres-le-fiasco-de-la-vaccination-mechichi-va-t-il-retirer-le-dossier-au-ministre-de-la-sante\/","title":{"rendered":"Tunisie \u2013 Apr\u00e8s le fiasco de la vaccination Mechichi va-t-il retirer le dossier au ministre de la sant\u00e9?"},"content":{"rendered":"<div class=\"post-cont-in left relative\">\n<div id=\"post-info-wrap\" class=\"left relative post-info-out\">\n<div class=\"post-info-img left relative\"><img decoding=\"async\" alt=\"\" src=\"https:\/\/secure.gravatar.com\/avatar\/96253f4a657b482a18e837c1252096c2?s=50&amp;d=mm&amp;r=g\" srcset=\"https:\/\/secure.gravatar.com\/avatar\/96253f4a657b482a18e837c1252096c2?s=100&amp;d=mm&amp;r=g 2x\" class=\"avatar avatar-50 photo\" height=\"50\" width=\"50\" loading=\"lazy\"\/><\/div>\n<div class=\"post-info-in\">\n<div class=\"post-info-right left relative post-info-name left relative\"><span><span class=\"post-info-text\">Par<\/span> <span class=\"author-name vcard fn author\"><a href=\"https:\/\/www.tunisienumerique.com\/author\/saber\/\" title=\"Articles par Saber .\" rel=\"author\">Saber .<\/a><\/span><\/span> <span class=\"post-date updated\"><time class=\"post-date updated\" datetime=\"2021-04-30\">\u00a0| Il y a 8 minutes<\/time><\/span><br \/>\n<meta itemprop=\"dateModified\" content=\"2021-04-30\"\/><\/div>\n<div class=\"left relative\"><button id=\"listenButton1\" class=\"responsivevoice-button\" type=\"button\" value=\"Play\" title=\"\u00c9coutez l'article\"><span>\ud83d\udd0a \u00c9coutez l&rsquo;article<\/span><\/button>\n<\/div>\n<\/div>\n<\/div>\n<p>La campagne de vaccination contre le covid en Tunisie peine \u00e0 d\u00e9marrer. C\u2019est le moins qu\u2019on puisse en dire. Le rythme des vaccinations est trop lent et le ravitaillement en doses de vaccin est d\u00e9sastreux.<\/p>\n<div class=\"code-block code-block-1 c4\">\n <ins class=\"adsbygoogle c3\" data-ad-layout=\"in-article\" data-ad-format=\"fluid\" data-ad-client=\"ca-pub-2102118777505746\" data-ad-slot=\"7301775417\"\/>\n<\/div>\n<p>La sant\u00e9 des tunisiens et leurs vies, mais aussi l\u2019\u00e9conomie du pays sont accroch\u00e9es \u00e0 une hypoth\u00e9tique r\u00e9ussite de la vaccination.<\/p>\n<p>Aussi, pour tirer au clair les raisons de ce fiasco, le chef du gouvernement a d\u00e9cid\u00e9 d\u2019ordonner un audit de toute la campagne de vaccination. A commencer par les commandes de doses, le choix du vaccin, l\u2019agenda des vaccinations, la plateforme num\u00e9rique Evax\u2026<\/p>\n<p>Aux derni\u00e8res nouvelles et selon ce que cet audit va r\u00e9v\u00e9ler comme insuffisances et d\u00e9faillances, et Dieu sait qu\u2019il y en a, le chef du gouvernement se dirige vers le retrait du dossier du minist\u00e8re de la Sant\u00e9, pour s\u2019en charger au niveau de La Kasbah.<\/p>\n<p>Une d\u00e9cision qui montre que le pays commence \u00e0 s\u2019orienter vers un d\u00e9but de piste de sortie du tunnel, par rapport \u00e0 la crise du covid\u00a0!<\/p>\n<div class=\"swp_social_panel swp_horizontal_panel swp_flat_fresh swp_default_full_color swp_individual_full_color swp_other_full_color scale-100 scale-\" data-min-width=\"1100\" data-float-color=\"#ffffff\" data-float=\"bottom\" data-float-mobile=\"bottom\" data-transition=\"slide\">\n<div class=\"nc_tweetContainer swp_share_button total_shares total_sharesalt\"><span class=\"swp_count\">3 <span class=\"swp_label\">Partages<\/span><\/span><\/div>\n<\/div>\n<p><strong>Que se passe-t-il en Tunisie?<\/strong><br \/>Nous expliquons sur notre <a href=\"https:\/\/www.youtube.com\/channel\/UCRzypVq0B_yBad5eGrwBx0Q?sub_confirmation=1\" target=\"_blank\" rel=\"noopener\">cha\u00eene YouTube<\/a> . <a href=\"https:\/\/www.youtube.com\/channel\/UCRzypVq0B_yBad5eGrwBx0Q?sub_confirmation=1\" target=\"_blank\" rel=\"noopener\">Abonnez-vous!<\/a><\/p>\n<div class=\"mvp-org-wrap\" itemprop=\"publisher\">\n<div class=\"mvp-org-logo\" itemprop=\"logo\"><img decoding=\"async\" src=\"https:\/\/www.tunisienumerique.com\/wp-content\/uploads\/2017\/02\/logo_tunisie_numerique.png\"\/><br \/>\n<meta itemprop=\"url\" content=\"https:\/\/www.tunisienumerique.com\/wp-content\/uploads\/2017\/02\/logo_tunisie_numerique.png\"\/><\/div>\n<p><meta content=\"Tunisie\"\/><\/div>\n<div class=\"mvp-related-posts left relative\">\n<h4 class=\"post-header\"><span class=\"post-header\">Lire aussi<\/span><\/h4>\n<\/div>\n<div id=\"article-ad\">\n <ins class=\"adsbygoogle c5\" data-ad-client=\"ca-pub-2102118777505746\" data-ad-slot=\"6513972734\" data-ad-format=\"auto\" data-full-width-responsive=\"true\"\/>\n<\/div>\n<\/div>\n<div id=\"post-sidebar-wrap\">\n <ins class=\"adsbygoogle c5\" data-ad-client=\"ca-pub-2102118777505746\" data-ad-slot=\"6168283410\" data-ad-format=\"auto\" data-full-width-responsive=\"true\"\/>\n<\/div>\n<p>Auteur: Saber .<br \/>\n<a href=\"https:\/\/www.tunisienumerique.com\/tunisie-apres-le-fiasco-de-la-vaccination-mechichi-va-t-il-retirer-le-dossier-au-ministre-de-la-sante\/\">Cliquez ici pour lire l&rsquo;article depuis sa source.<\/a><\/p>\n","protected":false},"excerpt":{"rendered":"<p>Par Saber . \u00a0| Il y a 8 minutes \ud83d\udd0a \u00c9coutez l&rsquo;article La campagne de vaccination contre le covid en Tunisie peine \u00e0 d\u00e9marrer. C\u2019est le moins qu\u2019on puisse en dire. Le rythme des vaccinations est trop lent et le ravitaillement en doses de vaccin est d\u00e9sastreux. La sant\u00e9 des tunisiens et leurs vies, mais [&hellip;]<\/p>\n","protected":false},"author":1789,"featured_media":0,"comment_status":"closed","ping_status":"closed","sticky":false,"template":"","format":"standard","meta":{"fifu_image_url":"https:\/\/secure.gravatar.com\/avatar\/96253f4a657b482a18e837c1252096c2?s=50&d=mm&r=g","fifu_image_alt":"Tunisie \u2013 Apr\u00e8s le fiasco de la vaccination Mechichi va-t-il retirer le dossier au ministre de la sant\u00e9?","footnotes":""},"categories":[73,55],"tags":[],"class_list":["post-115912","post","type-post","status-publish","format-standard","hentry","category-actualite","category-tunisie"],"_links":{"self":[{"href":"https:\/\/linitiative.ca\/International\/wp-json\/wp\/v2\/posts\/115912","targetHints":{"allow":["GET"]}}],"collection":[{"href":"https:\/\/linitiative.ca\/International\/wp-json\/wp\/v2\/posts"}],"about":[{"href":"https:\/\/linitiative.ca\/International\/wp-json\/wp\/v2\/types\/post"}],"author":[{"embeddable":true,"href":"https:\/\/linitiative.ca\/International\/wp-json\/wp\/v2\/users\/1789"}],"replies":[{"embeddable":true,"href":"https:\/\/linitiative.ca\/International\/wp-json\/wp\/v2\/comments?post=115912"}],"version-history":[{"count":0,"href":"https:\/\/linitiative.ca\/International\/wp-json\/wp\/v2\/posts\/115912\/revisions"}],"wp:attachment":[{"href":"https:\/\/linitiative.ca\/International\/wp-json\/wp\/v2\/media?parent=115912"}],"wp:term":[{"taxonomy":"category","embeddable":true,"href":"https:\/\/linitiative.ca\/International\/wp-json\/wp\/v2\/categories?post=115912"},{"taxonomy":"post_tag","embeddable":true,"href":"https:\/\/linitiative.ca\/International\/wp-json\/wp\/v2\/tags?post=115912"}],"curies":[{"name":"wp","href":"https:\/\/api.w.org\/{rel}","templated":true}]}}