{"id":115914,"date":"2021-04-30T17:22:52","date_gmt":"2021-04-30T21:22:52","guid":{"rendered":"https:\/\/linitiative.ca\/International\/hichem-mechichi-la-tunisie-demandera-un-pret-de-4-milliards-de-dollars-a-lfmi\/"},"modified":"2021-04-30T17:22:52","modified_gmt":"2021-04-30T21:22:52","slug":"hichem-mechichi-la-tunisie-demandera-un-pret-de-4-milliards-de-dollars-a-lfmi","status":"publish","type":"post","link":"https:\/\/linitiative.ca\/International\/hichem-mechichi-la-tunisie-demandera-un-pret-de-4-milliards-de-dollars-a-lfmi\/","title":{"rendered":"Hichem Mechichi : \u00ab La Tunisie demandera un pr\u00eat de 4 milliards de dollars \u00e0 l\u2019FMI \u00bb"},"content":{"rendered":"<div class=\"post-cont-in left relative\">\n<div id=\"post-info-wrap\" class=\"left relative post-info-out\">\n<div class=\"post-info-img left relative\"><img decoding=\"async\" alt=\"\" src=\"https:\/\/secure.gravatar.com\/avatar\/ea481d7287ad38ca1787f44b5bb1b70e?s=50&amp;d=mm&amp;r=g\" srcset=\"https:\/\/secure.gravatar.com\/avatar\/ea481d7287ad38ca1787f44b5bb1b70e?s=100&amp;d=mm&amp;r=g 2x\" class=\"avatar avatar-50 photo\" height=\"50\" width=\"50\" loading=\"lazy\"\/><\/div>\n<div class=\"post-info-in\">\n<div class=\"post-info-right left relative post-info-name left relative\"><span><span class=\"post-info-text\">Par<\/span> <span class=\"author-name vcard fn author\"><a href=\"https:\/\/www.tunisienumerique.com\/author\/rania-ben-slimane\/\" title=\"Articles par rania ben slimane\" rel=\"author\">rania ben slimane<\/a><\/span><\/span> <span class=\"post-date updated\"><time class=\"post-date updated\" datetime=\"2021-04-30\">\u00a0| Il y a 4 secondes<\/time><\/span><br \/>\n<meta itemprop=\"dateModified\" content=\"2021-04-30\"\/><\/div>\n<div class=\"left relative\"><button id=\"listenButton1\" class=\"responsivevoice-button\" type=\"button\" value=\"Play\" title=\"\u00c9coutez l'article\"><span>\ud83d\udd0a \u00c9coutez l&rsquo;article<\/span><\/button>\n<\/div>\n<\/div>\n<\/div>\n<p>Le Chef du gouvernement, Hichem Mechichi a d\u00e9clar\u00e9 \u00e0 l\u2019agence de presse Reuters le 30 avril 2021 que La Tunisie demandera dans le cadre d\u2019un programme de pr\u00eat, 4 milliards de dollars aupr\u00e8s du Fonds Mon\u00e9taire International \u2013FMI lors des n\u00e9gociations \u00e0 partir de la semaine prochaine, affirmant que les politiciens \u00e9taient confront\u00e9s \u00e0 une \u201cderni\u00e8re chance\u201d pour sauver l\u2019\u00e9conomie.<\/p>\n<div class=\"code-block code-block-1 c4\">\n <ins class=\"adsbygoogle c3\" data-ad-layout=\"in-article\" data-ad-format=\"fluid\" data-ad-client=\"ca-pub-2102118777505746\" data-ad-slot=\"7301775417\"\/>\n<\/div>\n<p>Monsieur Mechichi a d\u00e9clar\u00e9 qu\u2019il s\u2019attendait \u00e0 des pourparlers d\u2019une dur\u00e9e de plus de deux mois qu\u2019il \u00e9tait confiant de l\u2019obtention d\u2019un soutien financier pour aider le pays \u00e0 surmonter cette crise socio-\u00e9conomique aggrav\u00e9e par les r\u00e9percussions de la pand\u00e9mie du Coronavirus.<\/p>\n<p>\u201c<em>Tous les efforts doivent \u00eatre concert\u00e9s en Tunisie car nous consid\u00e9rons que nous avons atteint le dernier ressort et nous devons l\u2019utiliser pour sauver l\u2019\u00e9conomie<\/em>\u201c, a-t-il d\u00e9clar\u00e9.<\/p>\n<p>Le Chef du gouvernement a indiqu\u00e9 que l\u2019obtention d\u2019un programme de pr\u00eat de trois ans est souhaitable et a mis l\u2019accent sur la n\u00e9cessit\u00e9 de finaliser un accord avec de puissants organisations syndicales afin de d\u00e9bloquer des financements \u00e9trangers.<\/p>\n<p>\u00ab\u00a0<em>Le ministre des Finances et le Gouverneur de la Banque Centrale se rendront aux \u00c9tats-Unis la semaine prochaine pour entamer les n\u00e9gociations<\/em> \u00bb, a d\u00e9clar\u00e9 Mechichi, poursuivant il s\u2019y rendra \u00e9galement lors de la conclusion d\u2019un accord.<\/p>\n<p>Il a d\u00e9clar\u00e9 que la Tunisie va rationaliser au lieu de r\u00e9duire les subventions, affirmant que le gouvernement envisage de vendre ses actions minoritaires dans certaines entreprise afin de lever des fonds et investir dans les plus importantes soci\u00e9t\u00e9s \u00e9tatiques.<\/p>\n<p>Le FMI a pr\u00e9c\u00e9demment recommand\u00e9 \u00e0 la Tunisie la r\u00e9alisation de r\u00e9formes urgentes au sein de la fonction publique, notamment en mati\u00e8re de r\u00e9vision des subventions et de l\u2019importante masse salariale.<\/p>\n<p>Le secteur du tourisme, un des piliers de l\u2019\u00e9conomie nationale, a \u00e9t\u00e9 s\u00e9v\u00e8rement touch\u00e9 par les r\u00e9percussions de la pand\u00e9mie et la lenteur de la campagne de vaccination, d\u2019autant plus que le gouvernement a r\u00e9cemment annonc\u00e9 de nouvelles restrictions sur les voyages internationaux.<\/p>\n<p>Mais M. Mechichi a assur\u00e9 que la saison touristique de cet \u00e9t\u00e9 ne sera pas perdue et que le gouvernement d\u00e9velopperait des protocoles pour garantir la s\u00e9curit\u00e9 des touristes.<\/p>\n<p>Il a d\u00e9clar\u00e9 que la Tunisie n\u2019a pas encore examin\u00e9 la question des passeports vaccinaux, mais qu\u2019elle est envisageable.<\/p>\n<p><strong>\u201cD\u00e9cisions corn\u00e9liennes\u201d<\/strong><\/p>\n<p>Bien que les gouvernements occidentaux aient f\u00e9licit\u00e9 la transition d\u00e9mocratique de la Tunisie, les pr\u00eateurs internationaux l\u2019ont pouss\u00e9e \u00e0 adopter des r\u00e9formes \u00e9conomiques douloureuses pour r\u00e9duire les d\u00e9ficits budg\u00e9taires chroniques et une importante dette souveraine.<\/p>\n<p>L\u2019UGTT s\u2019est oppos\u00e9 \u00e0 certaines des r\u00e9formes requises par les pr\u00eateurs et a r\u00e9cemment d\u00e9clar\u00e9 qu\u2019il exige l\u2019augmentation des salaires dans le secteur public m\u00eame si la masse salariale est tr\u00e8s importante et malgr\u00e9 la crise \u00e9conomique.<\/p>\n<p>Les tentatives pour convenir d\u2019un programme de r\u00e9forme accueilli \u00e0 la fois par les syndicats et les pr\u00eateurs ont \u00e9t\u00e9 entrav\u00e9es par des ann\u00e9es de conflits politiques entre le gouvernement, le pr\u00e9sident \u00e9lu et un parlement tr\u00e8s fragment\u00e9.<\/p>\n<p>\u201c<em>Je suis bien conscient que certaines r\u00e9formes sont impopulaires \u2026 nous nous efforcerons seulement d\u2019agir dans l\u2019int\u00e9r\u00eat du sauvetage de l\u2019\u00e9conomie de l\u2019effondrement<\/em>\u201c, a pr\u00e9cis\u00e9 le Chef du gouvernement.<\/p>\n<div class=\"swp_social_panel swp_horizontal_panel swp_flat_fresh swp_default_full_color swp_individual_full_color swp_other_full_color scale-100 scale-\" data-min-width=\"1100\" data-float-color=\"#ffffff\" data-float=\"bottom\" data-float-mobile=\"bottom\" data-transition=\"slide\">\n<div class=\"nc_tweetContainer swp_share_button total_shares total_sharesalt\"><span class=\"swp_count\">0 <span class=\"swp_label\">Partages<\/span><\/span><\/div>\n<\/div>\n<p><strong>Que se passe-t-il en Tunisie?<\/strong><br \/>Nous expliquons sur notre <a href=\"https:\/\/www.youtube.com\/channel\/UCRzypVq0B_yBad5eGrwBx0Q?sub_confirmation=1\" target=\"_blank\" rel=\"noopener\">cha\u00eene YouTube<\/a> . <a href=\"https:\/\/www.youtube.com\/channel\/UCRzypVq0B_yBad5eGrwBx0Q?sub_confirmation=1\" target=\"_blank\" rel=\"noopener\">Abonnez-vous!<\/a><\/p>\n<div class=\"mvp-org-wrap\" itemprop=\"publisher\">\n<div class=\"mvp-org-logo\" itemprop=\"logo\"><img decoding=\"async\" src=\"https:\/\/www.tunisienumerique.com\/wp-content\/uploads\/2017\/02\/logo_tunisie_numerique.png\"\/><br \/>\n<meta itemprop=\"url\" content=\"https:\/\/www.tunisienumerique.com\/wp-content\/uploads\/2017\/02\/logo_tunisie_numerique.png\"\/><\/div>\n<p><meta content=\"Tunisie\"\/><\/div>\n<div class=\"post-tags\"><span class=\"post-tags-header\">Sujets Connexes:<\/span><span itemprop=\"keywords\"><a href=\"https:\/\/www.tunisienumerique.com\/tunisie-actualite\/4-milliards-de-dollars\/\" rel=\"tag\">4 milliards de dollars<\/a>, <a href=\"https:\/\/www.tunisienumerique.com\/tunisie-actualite\/ali-kooli\/\" rel=\"tag\">ali kooli<\/a>, <a href=\"https:\/\/www.tunisienumerique.com\/tunisie-actualite\/banque-centrale-de-tunis-bct\/\" rel=\"tag\">banque centrale de Tunis (BCT)<\/a>, <a href=\"https:\/\/www.tunisienumerique.com\/tunisie-actualite\/chef-du-gouvernement\/\" rel=\"tag\">Chef du gouvernement<\/a>, <a href=\"https:\/\/www.tunisienumerique.com\/tunisie-actualite\/fmi\/\" rel=\"tag\">FMI<\/a>, <a href=\"https:\/\/www.tunisienumerique.com\/tunisie-actualite\/hichem-mechichi\/\" rel=\"tag\">hichem mechichi<\/a>, <a href=\"https:\/\/www.tunisienumerique.com\/tunisie-actualite\/marouane-abbassi\/\" rel=\"tag\">marouane abbassi<\/a>, <a href=\"https:\/\/www.tunisienumerique.com\/tunisie-actualite\/ministre-des-finances\/\" rel=\"tag\">ministre des finances<\/a>, <a href=\"https:\/\/www.tunisienumerique.com\/tunisie-actualite\/pret\/\" rel=\"tag\">pr\u00eat<\/a>, <a href=\"https:\/\/www.tunisienumerique.com\/tunisie-actualite\/tunis\/\" rel=\"tag\">Tunis<\/a>, <a href=\"https:\/\/www.tunisienumerique.com\/tunisie-actualite\/tunisie-rente\/\" rel=\"tag\">Tunisie rente<\/a><\/span><\/div>\n<div class=\"mvp-related-posts left relative\">\n<h4 class=\"post-header\"><span class=\"post-header\">Lire aussi<\/span><\/h4>\n<\/div>\n<div id=\"article-ad\">\n <ins class=\"adsbygoogle c5\" data-ad-client=\"ca-pub-2102118777505746\" data-ad-slot=\"6513972734\" data-ad-format=\"auto\" data-full-width-responsive=\"true\"\/>\n<\/div>\n<\/div>\n<div id=\"post-sidebar-wrap\">\n <ins class=\"adsbygoogle c5\" data-ad-client=\"ca-pub-2102118777505746\" data-ad-slot=\"6168283410\" data-ad-format=\"auto\" data-full-width-responsive=\"true\"\/>\n<\/div>\n<p>Auteur: rania ben slimane<br \/>\n<a href=\"https:\/\/www.tunisienumerique.com\/hichem-mechichi-la-tunisie-demandera-un-pret-de-4-milliards-de-dollars-a-lfmi\/\">Cliquez ici pour lire l&rsquo;article depuis sa source.<\/a><\/p>\n","protected":false},"excerpt":{"rendered":"<p>Par rania ben slimane \u00a0| Il y a 4 secondes \ud83d\udd0a \u00c9coutez l&rsquo;article Le Chef du gouvernement, Hichem Mechichi a d\u00e9clar\u00e9 \u00e0 l\u2019agence de presse Reuters le 30 avril 2021 que La Tunisie demandera dans le cadre d\u2019un programme de pr\u00eat, 4 milliards de dollars aupr\u00e8s du Fonds Mon\u00e9taire International \u2013FMI lors des n\u00e9gociations \u00e0 [&hellip;]<\/p>\n","protected":false},"author":1789,"featured_media":0,"comment_status":"closed","ping_status":"closed","sticky":false,"template":"","format":"standard","meta":{"fifu_image_url":"https:\/\/secure.gravatar.com\/avatar\/ea481d7287ad38ca1787f44b5bb1b70e?s=50&d=mm&r=g","fifu_image_alt":"Hichem Mechichi : \u00ab La Tunisie demandera un pr\u00eat de 4 milliards de dollars \u00e0 l\u2019FMI \u00bb","footnotes":""},"categories":[73,55],"tags":[],"class_list":["post-115914","post","type-post","status-publish","format-standard","hentry","category-actualite","category-tunisie"],"_links":{"self":[{"href":"https:\/\/linitiative.ca\/International\/wp-json\/wp\/v2\/posts\/115914","targetHints":{"allow":["GET"]}}],"collection":[{"href":"https:\/\/linitiative.ca\/International\/wp-json\/wp\/v2\/posts"}],"about":[{"href":"https:\/\/linitiative.ca\/International\/wp-json\/wp\/v2\/types\/post"}],"author":[{"embeddable":true,"href":"https:\/\/linitiative.ca\/International\/wp-json\/wp\/v2\/users\/1789"}],"replies":[{"embeddable":true,"href":"https:\/\/linitiative.ca\/International\/wp-json\/wp\/v2\/comments?post=115914"}],"version-history":[{"count":0,"href":"https:\/\/linitiative.ca\/International\/wp-json\/wp\/v2\/posts\/115914\/revisions"}],"wp:attachment":[{"href":"https:\/\/linitiative.ca\/International\/wp-json\/wp\/v2\/media?parent=115914"}],"wp:term":[{"taxonomy":"category","embeddable":true,"href":"https:\/\/linitiative.ca\/International\/wp-json\/wp\/v2\/categories?post=115914"},{"taxonomy":"post_tag","embeddable":true,"href":"https:\/\/linitiative.ca\/International\/wp-json\/wp\/v2\/tags?post=115914"}],"curies":[{"name":"wp","href":"https:\/\/api.w.org\/{rel}","templated":true}]}}