{"id":115915,"date":"2021-04-30T12:11:45","date_gmt":"2021-04-30T16:11:45","guid":{"rendered":"https:\/\/linitiative.ca\/International\/gouvernance-fonciere-au-burkina\/"},"modified":"2021-04-30T12:11:45","modified_gmt":"2021-04-30T16:11:45","slug":"gouvernance-fonciere-au-burkina","status":"publish","type":"post","link":"https:\/\/linitiative.ca\/International\/gouvernance-fonciere-au-burkina\/","title":{"rendered":"GOUVERNANCE FONCIERE AU BURKINA  \u00a0"},"content":{"rendered":"<p class=\"c4\"><strong><em>La crise du foncier et du logement \u00e9tait au menu d\u2019une conf\u00e9rence de presse anim\u00e9e le jeudi 29 avril 2021 par la Coalition des associations pour la d\u00e9fense du droit au logement (CADDL). Une occasion pour cette coalition de revenir sur ses revendications.<\/em><\/strong><\/p>\n<p class=\"c4\"><strong><em>\u00a0<\/em><\/strong><\/p>\n<p class=\"c4\"><em>\u00ab\u00a0Comme nous le constatons et le vivons tous, la crise fonci\u00e8re et du logement s\u2019aggrave dans notre pays, du fait de la mise en \u0153uvre par le pouvoir MPP et alli\u00e9s d\u2019une politique fonci\u00e8re et de logement en faveur des riches et contre les gens du peuple\u00a0\u00bb, a d\u00e9clar\u00e9 Pema N\u00e9bi\u00e9, secr\u00e9taire g\u00e9n\u00e9ral de la Coalition des associations pour la d\u00e9fense du droit au logement (CADDL). C\u2019\u00e9tait lors d\u2019une conf\u00e9rence de presse que les responsables de la coalition ont tenue le 29 avril dernier \u00e0 Ouagadougou. Et pour justifier ses propos, il rel\u00e8ve des faits en \u00e9voquant dans un premier temps, la culture du pillage du foncier par les \u00e9lites politiques, \u00e0 travers, notamment, leurs instruments d\u2019enrichissement de classe que sont les soci\u00e9t\u00e9s immobili\u00e8res qui, dit-il, sont cr\u00e9\u00e9es \u00e0 tour de bras. Parlant de ces soci\u00e9t\u00e9s immobili\u00e8res, le secr\u00e9taire g\u00e9n\u00e9ral de la CADDL rel\u00e8ve qu\u2019elles \u00e9taient une cinquantaine en 2014 avant de passer actuellement \u00e0 268. Il a aussi soulign\u00e9 qu\u2019elles sont porteuses de menaces s\u00e9rieuses pour la paix sociale. La coalition dit ne pas comprendre que l\u2019Assembl\u00e9e nationale semble se pr\u00e9occuper de la crise fonci\u00e8re pendant que le rapport d\u2019enqu\u00eate parlementaire sur le foncier de 2016 dort dans son tiroir. Une enqu\u00eate qui fait ressortir que 105\u00a0000 parcelles ont \u00e9t\u00e9 d\u00e9tourn\u00e9es et vol\u00e9es. Un autre fait qui est relat\u00e9 par la coalition, c\u2019est la n\u00e9gation du droit des populations \u00e0 des logements d\u00e9cents \u00e0 travers les projets de restructuration qui ne visent ni plus ni moins que la cr\u00e9ation de bidonvilles qui seront de v\u00e9ritables enclaves de promiscuit\u00e9 et de mis\u00e8re pour des millions de personnes.<\/em><\/p>\n<p class=\"c4\"><em>\u00a0<\/em><\/p>\n<p class=\"c6\"><strong><em>Le ministre Me B\u00e9n\u00e9wend\u00e9 Stanislas Sankara invit\u00e9 \u00e0 appliquer les recommandations du rapport d\u2019enqu\u00eate parlementaire<\/em><\/strong><\/p>\n<p class=\"c6\"><strong><em>\u00a0<\/em><\/strong><\/p>\n<p class=\"c4\"><em>Au nom de ses camarades, Pema N\u00e9bi\u00e9 parle des fuites en avant, des vell\u00e9it\u00e9s de musellement et des actes de r\u00e9pression du mouvement revendicatif qui se d\u00e9veloppent sur le front de la lutte pour la justice dans la gestion du foncier et du logement. En faisant cas du minist\u00e8re de l\u2019Habitat, de l\u2019urbanisme et de la ville, la coalition invite l\u2019actuel locataire, Me B\u00e9n\u00e9wend\u00e9 Stanislas Sankara, \u00e0 se rendre utile aux populations victimes des spoliations fonci\u00e8res en appliquant les recommandations contenues dans le rapport d\u2019enqu\u00eate parlementaire de 2016. Aucune menace et autres tentatives de corruption n\u2019entameront la d\u00e9termination des membres de la coalition, a fait savoir le secr\u00e9taire g\u00e9n\u00e9ral de ladite structure. Avant de lancer un appel aux populations des zones non-loties, \u00e0 lotissement litigieux dans la ville de Ouagadougou, \u00e0 organiser la r\u00e9sistance active contre les milices et leurs parrains politiques\u00a0; rejeter la politique de restructuration des zones non-loties qui est une politique antisociale et inhumaine\u00a0; exiger des logements d\u00e9cents et accessibles aux populations \u00e0 revenus modestes. En plus, d\u2019exiger des audits s\u00e9rieux des op\u00e9rations de lotissements pass\u00e9s et la mise en \u0153uvre des recommandations du rapport d\u2019enqu\u00eate parlementaire sur le foncier de 2016, notamment le retrait des parcelles vol\u00e9es et d\u00e9tourn\u00e9es, la restitution des espaces verts occup\u00e9s ill\u00e9galement\u00a0; exiger le d\u00e9dommagement effectif des victimes des inondations de 2020, conform\u00e9ment aux annonces faites par le gouvernement\u00a0; exiger l\u2019arr\u00eat des actions des soci\u00e9t\u00e9s immobili\u00e8res.<\/em><\/p>\n<p class=\"c4\"><em>\u00a0<\/em><\/p>\n<p class=\"c6\"><strong><em>Antoine BATTIONO<\/em><\/strong><\/p>\n<p class=\"c4\"><em>\u00a0<\/em><\/p>\n<p>Auteur: Editions LEPAYS<br \/>\n<a href=\"https:\/\/lepays.bf\/gouvernance-fonciere-au-burkina\/\">Cliquez ici pour lire l&rsquo;article depuis sa source.<\/a><\/p>\n","protected":false},"excerpt":{"rendered":"<p>La crise du foncier et du logement \u00e9tait au menu d\u2019une conf\u00e9rence de presse anim\u00e9e le jeudi 29 avril 2021 par la Coalition des associations pour la d\u00e9fense du droit au logement (CADDL). Une occasion pour cette coalition de revenir sur ses revendications. \u00a0 \u00ab\u00a0Comme nous le constatons et le vivons tous, la crise fonci\u00e8re [&hellip;]<\/p>\n","protected":false},"author":1813,"featured_media":0,"comment_status":"closed","ping_status":"closed","sticky":false,"template":"","format":"standard","meta":{"fifu_image_url":"","fifu_image_alt":"","footnotes":""},"categories":[73,81],"tags":[],"class_list":["post-115915","post","type-post","status-publish","format-standard","hentry","category-actualite","category-burkina-faso"],"_links":{"self":[{"href":"https:\/\/linitiative.ca\/International\/wp-json\/wp\/v2\/posts\/115915","targetHints":{"allow":["GET"]}}],"collection":[{"href":"https:\/\/linitiative.ca\/International\/wp-json\/wp\/v2\/posts"}],"about":[{"href":"https:\/\/linitiative.ca\/International\/wp-json\/wp\/v2\/types\/post"}],"author":[{"embeddable":true,"href":"https:\/\/linitiative.ca\/International\/wp-json\/wp\/v2\/users\/1813"}],"replies":[{"embeddable":true,"href":"https:\/\/linitiative.ca\/International\/wp-json\/wp\/v2\/comments?post=115915"}],"version-history":[{"count":0,"href":"https:\/\/linitiative.ca\/International\/wp-json\/wp\/v2\/posts\/115915\/revisions"}],"wp:attachment":[{"href":"https:\/\/linitiative.ca\/International\/wp-json\/wp\/v2\/media?parent=115915"}],"wp:term":[{"taxonomy":"category","embeddable":true,"href":"https:\/\/linitiative.ca\/International\/wp-json\/wp\/v2\/categories?post=115915"},{"taxonomy":"post_tag","embeddable":true,"href":"https:\/\/linitiative.ca\/International\/wp-json\/wp\/v2\/tags?post=115915"}],"curies":[{"name":"wp","href":"https:\/\/api.w.org\/{rel}","templated":true}]}}