{"id":115916,"date":"2021-04-30T12:14:44","date_gmt":"2021-04-30T16:14:44","guid":{"rendered":"https:\/\/linitiative.ca\/International\/manif-contre-les-reformes-des-examens-scolaires\/"},"modified":"2021-04-30T12:14:44","modified_gmt":"2021-04-30T16:14:44","slug":"manif-contre-les-reformes-des-examens-scolaires","status":"publish","type":"post","link":"https:\/\/linitiative.ca\/International\/manif-contre-les-reformes-des-examens-scolaires\/","title":{"rendered":"MANIF CONTRE LES REFORMES DES EXAMENS SCOLAIRES  \u00a0"},"content":{"rendered":"<p class=\"c4\"><strong><em>Depuis hier 29 avril 2021, les \u00e9tablissements scolaires ont r\u00e9pondu favorablement au mot d\u2019ordre de gr\u00e8ve de 72 heures, lanc\u00e9 par dix-huit associations scolaires au Burkina. Ces associations exigent du gouvernement, la suppression pure et simple des nouvelles r\u00e9formes engag\u00e9es dans le secteur de l\u2019\u00e9ducation, en l\u2019occurrence, celles sur le BEPC et le baccalaur\u00e9at. Une \u00e9quipe du Journal \u00ab\u00a0Le Pays\u00a0\u00bb s\u2019est rendue dans quelques \u00e9tablissements de Ouagadougou dans la matin\u00e9e du 29 avril 2021, pour faire le constat de la gr\u00e8ve. Lisez plut\u00f4t\u00a0!<\/em><\/strong><\/p>\n<p class=\"c4\"><em>\u00a0<\/em><\/p>\n<p class=\"c4\"><em>Il est 8 heures 45 minutes ce 29 avril 2021 au lyc\u00e9e Philippe Zinda Kabor\u00e9. Une foule d\u2019\u00e9l\u00e8ves est dispers\u00e9e dans la cour de r\u00e9cr\u00e9ation. Les membres du bureau de l\u2019Association des \u00e9l\u00e8ves du secondaire de Ouagadougou, qui par un coup de sifflet, qui par un m\u00e9gaphone, galvanisent les \u00e9l\u00e8ves pour la gr\u00e8ve annonc\u00e9e de 72 heures. Le rassemblement est siffl\u00e9 sous le drapeau o\u00f9 les consignes sont donn\u00e9es par Wilfied Abdou Aziz Yentema Thimobiano, pr\u00e9sident de AESO de la section du Zinda. Comme consigne, c\u2019est de faire sortir les \u00e9l\u00e8ves des lyc\u00e9es environnants, \u00e0 savoir le lyc\u00e9e municipal de Paspanga, le lyc\u00e9e Nelson Mandela, le lyc\u00e9e professionnel r\u00e9gional du Centre, avant de prendre la route pour le minist\u00e8re de l\u2019Education nationale, de l\u2019alphab\u00e9tisation et de la promotion des langues nationales (MENAPLN).<\/em><\/p>\n<p class=\"c4\"><em>\u00a0<\/em><\/p>\n<p class=\"c6\"><strong><em>Une gr\u00e8ve sans aucun fondement<\/em><\/strong><\/p>\n<p class=\"c6\"><strong><em>\u00a0<\/em><\/strong><\/p>\n<p class=\"c4\"><em>Au lyc\u00e9e municipal de Paspanga, les \u00e9l\u00e8ves ont \u00e9t\u00e9 somm\u00e9s de vider les salles de classe. Les enseignants et les membres de l\u2019administration du lyc\u00e9e ont assist\u00e9 impuissants au d\u00e9brayage des \u00e9l\u00e8ves. En un temps record, toutes les classes se sont vid\u00e9es et les meneurs ont poursuivi leur itin\u00e9raire. \u00ab\u00a0C\u2019est la deuxi\u00e8me fois que nous sortons pour exiger du gouvernement, de notre ministre de tutelle, Stanislas Ouaro, la suppression des diff\u00e9rentes r\u00e9formes des examens scolaires qui sont engag\u00e9es, qui vont contre les int\u00e9r\u00eats et le bien-\u00eatre des \u00e9l\u00e8ves\u00a0\u00bb, a affirm\u00e9 le pr\u00e9sident de l\u2019Association des \u00e9l\u00e8ves du secondaire de Ouagadougou (AESO) de la section du Zinda. Hyacinthe Niki\u00e8ma, \u00e9l\u00e8ve au lyc\u00e9e professionnel r\u00e9gional du Centre, Bac pro 1 en froid et climatisation que nous avons accost\u00e9 sur l\u2019avenue Mgr Th\u00e9venoud, nous a confi\u00e9 ceci\u00a0: \u00ab\u00a0Nous sommes sortis pour soutenir nos camarades des lyc\u00e9es et coll\u00e8ges de l\u2019enseignement g\u00e9n\u00e9ral pour exiger l\u2019arr\u00eat des r\u00e9formes entreprises par le MENAPLN aux niveaux du BEPC et du baccalaur\u00e9at\u00a0\u00bb. Pour Naffissatou Ki\u00e9ma, de la classe de 3<sup>e<\/sup> \u00a0au lyc\u00e9e Nelson Mandela, la suppression des sujets au choix n\u2019est pas dans l\u2019int\u00e9r\u00eat des \u00e9l\u00e8ves. Elle indique au contraire que cela ne fait qu\u2019amenuiser les chances de succ\u00e8s des candidats aux examens.\u00a0 \u00a0\u00ab\u00a0Les sujets au choix en histoire-g\u00e9ographie et en SVT multiplient les chances de r\u00e9ussite des candidats. Nous ne sommes pas d\u2019accord pour leur suppression\u00a0\u00bb, a-t-elle martel\u00e9.<\/em><\/p>\n<p class=\"c4\"><em>\u00a0<\/em><\/p>\n<p class=\"c6\"><strong><em>Une course-poursuite entre CRS et \u00e9l\u00e8ves<\/em><\/strong><\/p>\n<p class=\"c4\"><em>\u00a0<\/em><\/p>\n<p class=\"c4\"><em>Les \u00e9l\u00e8ves, dans leur progression vers le MENAPLN, bloquaient par endroits la circulation, intimant l\u2019ordre aux usagers de la route de faire demi-tour. Mais tout cela sans compter avec les Forces de l\u2019ordre qui ont dispers\u00e9 les gr\u00e9vistes sur l\u2019avenue de l\u2019ind\u00e9pendance \u00e0 coups de gaz lacrymog\u00e8nes, dans une partie de course-poursuite. Le proviseur du lyc\u00e9e professionnel r\u00e9gional du Centre, Daniel Sawadogo, a dit constater effectivement le d\u00e9brayage des \u00e9l\u00e8ves dans son \u00e9tablissement. Pour lui, rien ne motive ce mouvement de gr\u00e8ve parce que le motif \u00e9voqu\u00e9 n\u2019a aucun fondement. Les \u00e9l\u00e8ves disent s\u2019attaquer aux nouvelles r\u00e9formes du BEPC et du baccalaur\u00e9at. La suppression des sujets au choix en histoire-g\u00e9ographie et en SVT est venue du fait que les acteurs de l\u2019\u00e9ducation ont estim\u00e9 que ce n\u2019est pas un avantage pour les candidats aux examens. Daniel Sawadogo a expliqu\u00e9 que la d\u00e9cision n\u2019a pas \u00e9t\u00e9 prise par le minist\u00e8re de fa\u00e7on unilat\u00e9rale mais s\u2019est faite en concertation avec toutes les sensibilit\u00e9s syndicales que compte le minist\u00e8re de l\u2019Education nationale et de la promotion des langues nationales. Il a estim\u00e9 que les \u00e9l\u00e8ves sont au parfun de ces changements depuis la rentr\u00e9e scolaire parce que cela leur a d\u00e9j\u00e0 \u00e9t\u00e9 expliqu\u00e9. Quant \u00e0 la r\u00e9forme administrative du baccalaur\u00e9at, il a \u00e9t\u00e9 d\u00e9cid\u00e9 que d\u00e9sormais, c\u2019est le MENAPLN qui aura la charge de son organisation.\u00a0 Cependant, insiste le proviseur, des gens mal intentionn\u00e9s, voire ceux qui instrumentalisent les \u00e9l\u00e8ves, disent de ne pas accepter parce que d\u00e8s lors que ce sera le MENAPLN qui organisera le baccalaur\u00e9at, l\u2019acc\u00e8s des bacheliers \u00e0 l\u2019Universit\u00e9 sera soumis \u00e0 un test. Ce qui n\u2019a nulle part \u00e9t\u00e9 \u00e9crit, foi de Daniel Sawadogo. Pour lui, il y a des gens qui ont un agenda cach\u00e9 mais n\u2019ayant pas le courage politique de l\u2019exhiber, veulent utiliser les \u00e9l\u00e8ves pour parvenir \u00e0 leurs fins. Revenant sur le cas de son lyc\u00e9e o\u00f9 c\u2019est l\u2019enseignement technique et la formation professionnelle qui y sont dispens\u00e9s, Daniel Sawadogo a fait savoir que les \u00e9l\u00e8ves de l\u2019enseignement technique et professionnel ne sont en rien concern\u00e9s par cette gr\u00e8ve. Apr\u00e8s l\u2019obtention du Bac professionnel, les \u00e9l\u00e8ves des \u00e9tablissements professionnels ne sont pas orient\u00e9s \u00e0 l\u2019Universit\u00e9 parce qu\u2019ils sont d\u00e9j\u00e0 aptes \u00e0 int\u00e9grer le monde de l\u2019emploi, sauf exception pour celui qui veut faire des \u00e9tudes sup\u00e9rieures auquel cas, il passe un test d\u2019entr\u00e9e \u00e0 l\u2019universit\u00e9. \u00ab\u00a0C\u2019est une aberration de voir que nos \u00e9l\u00e8ves sont embarqu\u00e9s dans cette lutte et je suis frustr\u00e9 de cette situation\u00a0\u00bb, a laiss\u00e9 entendre Daniel Sawadogo. Pour lui, cela est d\u2019autant plus \u00e9c\u0153urant que ceux qui sont \u00e0 la base des perturbations des cours dans les \u00e9tablissements, sont connus, mais les premi\u00e8res autorit\u00e9s ne leur disent absolument rien.<\/em><\/p>\n<p class=\"c4\"><em>\u00a0<\/em><\/p>\n<p class=\"c6\"><strong><em>Kiswendsida Fid\u00e8le KONSIAMBO<\/em><\/strong><\/p>\n<p class=\"c6\"><strong><em>\u00a0<\/em><\/strong><\/p>\n<p><strong><em>\u00a0<\/em><\/strong><\/p>\n<p><strong>\u00a0<\/strong><\/p>\n<p>Auteur: Editions LEPAYS<br \/>\n<a href=\"https:\/\/lepays.bf\/manif-contre-les-reformes-des-examens-scolaires\/\">Cliquez ici pour lire l&rsquo;article depuis sa source.<\/a><\/p>\n","protected":false},"excerpt":{"rendered":"<p>Depuis hier 29 avril 2021, les \u00e9tablissements scolaires ont r\u00e9pondu favorablement au mot d\u2019ordre de gr\u00e8ve de 72 heures, lanc\u00e9 par dix-huit associations scolaires au Burkina. Ces associations exigent du gouvernement, la suppression pure et simple des nouvelles r\u00e9formes engag\u00e9es dans le secteur de l\u2019\u00e9ducation, en l\u2019occurrence, celles sur le BEPC et le baccalaur\u00e9at. Une [&hellip;]<\/p>\n","protected":false},"author":1813,"featured_media":0,"comment_status":"closed","ping_status":"closed","sticky":false,"template":"","format":"standard","meta":{"fifu_image_url":"","fifu_image_alt":"","footnotes":""},"categories":[73,81],"tags":[],"class_list":["post-115916","post","type-post","status-publish","format-standard","hentry","category-actualite","category-burkina-faso"],"_links":{"self":[{"href":"https:\/\/linitiative.ca\/International\/wp-json\/wp\/v2\/posts\/115916","targetHints":{"allow":["GET"]}}],"collection":[{"href":"https:\/\/linitiative.ca\/International\/wp-json\/wp\/v2\/posts"}],"about":[{"href":"https:\/\/linitiative.ca\/International\/wp-json\/wp\/v2\/types\/post"}],"author":[{"embeddable":true,"href":"https:\/\/linitiative.ca\/International\/wp-json\/wp\/v2\/users\/1813"}],"replies":[{"embeddable":true,"href":"https:\/\/linitiative.ca\/International\/wp-json\/wp\/v2\/comments?post=115916"}],"version-history":[{"count":0,"href":"https:\/\/linitiative.ca\/International\/wp-json\/wp\/v2\/posts\/115916\/revisions"}],"wp:attachment":[{"href":"https:\/\/linitiative.ca\/International\/wp-json\/wp\/v2\/media?parent=115916"}],"wp:term":[{"taxonomy":"category","embeddable":true,"href":"https:\/\/linitiative.ca\/International\/wp-json\/wp\/v2\/categories?post=115916"},{"taxonomy":"post_tag","embeddable":true,"href":"https:\/\/linitiative.ca\/International\/wp-json\/wp\/v2\/tags?post=115916"}],"curies":[{"name":"wp","href":"https:\/\/api.w.org\/{rel}","templated":true}]}}