{"id":115918,"date":"2021-04-30T06:01:32","date_gmt":"2021-04-30T10:01:32","guid":{"rendered":"https:\/\/linitiative.ca\/International\/invite-de-la-redaction-me-benewende-sankara-sur-le-dossier-thomas-sankara\/"},"modified":"2021-04-30T06:01:32","modified_gmt":"2021-04-30T10:01:32","slug":"invite-de-la-redaction-me-benewende-sankara-sur-le-dossier-thomas-sankara","status":"publish","type":"post","link":"https:\/\/linitiative.ca\/International\/invite-de-la-redaction-me-benewende-sankara-sur-le-dossier-thomas-sankara\/","title":{"rendered":"Invit\u00e9 de la r\u00e9daction: Me B\u00e9n\u00e9w\u00e9nd\u00e9 SANKARA  sur le dossier Thomas SANKARA"},"content":{"rendered":"<article id=\"post-34921\" class=\"post-34921 post type-post status-publish format-standard category-medias category-video-medias\" itemscope=\"itemscope\" itemtype=\"https:\/\/schema.org\/Article\">\n<div class=\"td-post-content tagdiv-type\">\n<p><span class=\"embed-youtube c2\"><iframe loading=\"lazy\" class=\"youtube-player c1\" width=\"696\" height=\"392\" src=\"https:\/\/www.youtube.com\/embed\/4cDfaQV6n7g?version=3&amp;rel=1&amp;showsearch=0&amp;showinfo=1&amp;iv_load_policy=1&amp;fs=1&amp;hl=fr-FR&amp;autohide=2&amp;wmode=transparent\" allowfullscreen=\"true\" sandbox=\"allow-scripts allow-same-origin allow-popups allow-presentation\">[embedded content]<\/iframe><\/span><\/p>\n<div class=\"td-a-rec td-a-rec-id-content_bottom tdi_33_386 td_block_template_1\">\n<style><![CDATA[\n<![CDATA[\n\/* custom css *\/\n.tdi_33_386.td-a-rec{\n                                        text-align: center;\n                                }.tdi_33_386 .td-element-style{\n                                        z-index: -1;\n                                }.tdi_33_386.td-a-rec-img{\n                                    text-align: left;\n                                }.tdi_33_386.td-a-rec-img img{\n                    margin: 0 auto 0 0;\n                }@media (max-width: 767px) {\n                                    .tdi_33_386.td-a-rec-img {\n                                        text-align: center;\n                                    }\n                }\n]]]]><![CDATA[>\n]]><\/style>\n<p><img loading=\"lazy\" decoding=\"async\" class=\"aligncenter size-full wp-image-27454\" src=\"https:\/\/www.sidwaya.info\/wp-content\/uploads\/2020\/10\/PUB-Bandeau-paiement-mobile-siteweb.jpg\" alt=\"\" width=\"728\" height=\"90\"\/><\/div>\n<\/div>\n<footer>\n<div class=\"td-post-sharing-bottom\">\n<p><iframe frameborder=\"0\" src=\"https:\/\/www.facebook.com\/plugins\/like.php?href=https:\/\/www.sidwaya.info\/blog\/2021\/04\/30\/invite-de-la-redaction-me-benewende-sankara-sur-le-dossier-thomas-sankara\/&amp;layout=button_count&amp;show_faces=false&amp;width=105&amp;action=like&amp;colorscheme=light&amp;height=21\" class=\"c3\">[embedded content]<\/iframe><\/p>\n<\/div>\n<div class=\"td-block-row td-post-next-prev\">\n<div class=\"td-block-span6 td-post-prev-post td-post-next-prev-content\"><span>Article pr\u00e9c\u00e9dent<\/span><a href=\"https:\/\/www.sidwaya.info\/blog\/2021\/04\/29\/une-du-30-04-2021\/\">Une du 30-04-2021<\/a><\/div>\n<\/div>\n<p><meta itemprop=\"name\" content=\"BS. Sidwaya\"\/><br \/>\n<meta itemprop=\"datePublished\" content=\"2021-04-30T10:01:32+00:00\"\/><br \/>\n<meta itemprop=\"dateModified\" content=\"2021-04-30T10:01:32+00:00\"\/><br \/>\n<meta itemscope=\"itemscope\" itemprop=\"mainEntityOfPage\" itemtype=\"https:\/\/schema.org\/WebPage\" itemid=\"https:\/\/www.sidwaya.info\/blog\/2021\/04\/30\/invite-de-la-redaction-me-benewende-sankara-sur-le-dossier-thomas-sankara\/\"\/><br \/>\n<meta itemprop=\"url\" content=\"https:\/\/www.sidwaya.info\/wp-content\/uploads\/2019\/08\/sidwaya-bon-544-1.jpg\"\/><br \/>\n<meta itemprop=\"name\" content=\"Quotidien Sidwaya\"\/><br \/>\n<meta itemprop=\"headline\" content=\"Invit\u00e9 de la r\u00e9daction: Me B\u00e9n\u00e9w\u00e9nd\u00e9 SANKARA sur le dossier Thomas SANKARA\"\/><br \/>\n<meta itemprop=\"url\" content=\"https:\/\/www.sidwaya.info\/wp-content\/themes\/Newspaper%203\/images\/no-thumb\/td_meta_replacement.png\"\/><br \/>\n<meta itemprop=\"width\" content=\"1068\"\/><br \/>\n<meta itemprop=\"height\" content=\"580\"\/><\/footer>\n<\/article>\n<p>Auteur: BS. Sidwaya<br \/>\n<a href=\"https:\/\/www.sidwaya.info\/blog\/2021\/04\/30\/invite-de-la-redaction-me-benewende-sankara-sur-le-dossier-thomas-sankara\/\">Cliquez ici pour lire l&rsquo;article depuis sa source.<\/a><\/p>\n","protected":false},"excerpt":{"rendered":"<p>[embedded content] [embedded content] Article pr\u00e9c\u00e9dentUne du 30-04-2021 Auteur: BS. Sidwaya Cliquez ici pour lire l&rsquo;article depuis sa source.<\/p>\n","protected":false},"author":1816,"featured_media":0,"comment_status":"closed","ping_status":"closed","sticky":false,"template":"","format":"standard","meta":{"fifu_image_url":"https:\/\/www.sidwaya.info\/wp-content\/uploads\/2020\/10\/PUB-Bandeau-paiement-mobile-siteweb.jpg","fifu_image_alt":"Invit\u00e9 de la r\u00e9daction: Me B\u00e9n\u00e9w\u00e9nd\u00e9 SANKARA  sur le dossier Thomas SANKARA","footnotes":""},"categories":[73,81],"tags":[],"class_list":["post-115918","post","type-post","status-publish","format-standard","hentry","category-actualite","category-burkina-faso"],"_links":{"self":[{"href":"https:\/\/linitiative.ca\/International\/wp-json\/wp\/v2\/posts\/115918","targetHints":{"allow":["GET"]}}],"collection":[{"href":"https:\/\/linitiative.ca\/International\/wp-json\/wp\/v2\/posts"}],"about":[{"href":"https:\/\/linitiative.ca\/International\/wp-json\/wp\/v2\/types\/post"}],"author":[{"embeddable":true,"href":"https:\/\/linitiative.ca\/International\/wp-json\/wp\/v2\/users\/1816"}],"replies":[{"embeddable":true,"href":"https:\/\/linitiative.ca\/International\/wp-json\/wp\/v2\/comments?post=115918"}],"version-history":[{"count":0,"href":"https:\/\/linitiative.ca\/International\/wp-json\/wp\/v2\/posts\/115918\/revisions"}],"wp:attachment":[{"href":"https:\/\/linitiative.ca\/International\/wp-json\/wp\/v2\/media?parent=115918"}],"wp:term":[{"taxonomy":"category","embeddable":true,"href":"https:\/\/linitiative.ca\/International\/wp-json\/wp\/v2\/categories?post=115918"},{"taxonomy":"post_tag","embeddable":true,"href":"https:\/\/linitiative.ca\/International\/wp-json\/wp\/v2\/tags?post=115918"}],"curies":[{"name":"wp","href":"https:\/\/api.w.org\/{rel}","templated":true}]}}