{"id":115919,"date":"2021-04-30T12:42:49","date_gmt":"2021-04-30T16:42:49","guid":{"rendered":"https:\/\/linitiative.ca\/International\/crise-anglophone-quatre-militaires-tues-au-cours-dune-attaque-dans-la-region-de-louest\/"},"modified":"2021-04-30T12:42:49","modified_gmt":"2021-04-30T16:42:49","slug":"crise-anglophone-quatre-militaires-tues-au-cours-dune-attaque-dans-la-region-de-louest","status":"publish","type":"post","link":"https:\/\/linitiative.ca\/International\/crise-anglophone-quatre-militaires-tues-au-cours-dune-attaque-dans-la-region-de-louest\/","title":{"rendered":"Crise anglophone : quatre militaires tu\u00e9s au cours d\u2019une attaque dans la r\u00e9gion de l\u2019Ouest"},"content":{"rendered":"<div readability=\"32\">\n<p>Publi\u00e9 le 30.04.2021 \u00e0 17h42 par JournalduCameroun.com<\/p>\n<\/div>\n<div readability=\"53\">\n<h5 class=\"c9\">Plusieurs autres bless\u00e9s et des armes emport\u00e9es dans lors de la prise d\u2019assaut d\u2019un poste de gendarmerie \u00e0 Galim.<\/h5>\n<p class=\"c10\">Dans la nuit du 29 au 30 avril 2021, un groupe arm\u00e9 a attaqu\u00e9 le poste de gendarmerie de Menfoung, dans l\u2019arrondissement de Galim, r\u00e9gion de l\u2019Ouest. D\u2019apr\u00e8s des sources s\u00e9curitaires, il s\u2019agissait d\u2019une incursion punitive des <em>\u00ab\u00a0Marines de Bambalang\u00a0\u00bb,<\/em> une milice active dans la r\u00e9gion du Nord-ouest voisine pour lib\u00e9rer trois des leurs arr\u00eat\u00e9s par les forces gouvernementales.<\/p>\n<p class=\"c10\">D\u2019apr\u00e8s le gouverneur de la r\u00e9gion de l\u2019Ouest, rendu au chevet des bless\u00e9s dans une formation hospitali\u00e8re de Bafoussam, la capitale r\u00e9gionale, c\u2019est \u00e0 minuit que les insurg\u00e9s ont pris d\u2019assaut ce poste avanc\u00e9 de l\u2019arm\u00e9e. Le bilan fourni par l\u2019autorit\u00e9 administrative fait \u00e9tat de quatre militaires tu\u00e9s et un bless\u00e9 grave.\u00a0 Dans des vid\u00e9os post\u00e9es sur les r\u00e9seaux sociaux, les <em>\u00ab\u00a0Marines de Bambalang\u00a0\u00bb<\/em> ont pr\u00e9sent\u00e9 leurs troph\u00e9es de guerre\u00a0: armes et des tenues militaires pour l\u2019essentiel.<\/p>\n<p class=\"c10\">Le 7 mars 2020 d\u00e9j\u00e0, la milice sus-cit\u00e9e avait d\u00e9j\u00e0 attaqu\u00e9 la gendarmerie de Ngali. Quatre militaires avaient \u00e9t\u00e9 tu\u00e9s ainsi que quatre civils selon un bilan officiel.<\/p>\n<\/div>\n<p>Auteur: journalducameroun<br \/>\n<a href=\"https:\/\/www.journalducameroun.com\/crise-anglophone-quatre-militaires-tues-au-cours-dune-attaque-dans-la-region-de-louest\/\">Cliquez ici pour lire l&rsquo;article depuis sa source.<\/a><\/p>\n","protected":false},"excerpt":{"rendered":"<p>Publi\u00e9 le 30.04.2021 \u00e0 17h42 par JournalduCameroun.com Plusieurs autres bless\u00e9s et des armes emport\u00e9es dans lors de la prise d\u2019assaut d\u2019un poste de gendarmerie \u00e0 Galim. Dans la nuit du 29 au 30 avril 2021, un groupe arm\u00e9 a attaqu\u00e9 le poste de gendarmerie de Menfoung, dans l\u2019arrondissement de Galim, r\u00e9gion de l\u2019Ouest. D\u2019apr\u00e8s des [&hellip;]<\/p>\n","protected":false},"author":1965,"featured_media":0,"comment_status":"closed","ping_status":"closed","sticky":false,"template":"","format":"standard","meta":{"fifu_image_url":"","fifu_image_alt":"","footnotes":""},"categories":[73,82],"tags":[],"class_list":["post-115919","post","type-post","status-publish","format-standard","hentry","category-actualite","category-cameroun"],"_links":{"self":[{"href":"https:\/\/linitiative.ca\/International\/wp-json\/wp\/v2\/posts\/115919","targetHints":{"allow":["GET"]}}],"collection":[{"href":"https:\/\/linitiative.ca\/International\/wp-json\/wp\/v2\/posts"}],"about":[{"href":"https:\/\/linitiative.ca\/International\/wp-json\/wp\/v2\/types\/post"}],"author":[{"embeddable":true,"href":"https:\/\/linitiative.ca\/International\/wp-json\/wp\/v2\/users\/1965"}],"replies":[{"embeddable":true,"href":"https:\/\/linitiative.ca\/International\/wp-json\/wp\/v2\/comments?post=115919"}],"version-history":[{"count":0,"href":"https:\/\/linitiative.ca\/International\/wp-json\/wp\/v2\/posts\/115919\/revisions"}],"wp:attachment":[{"href":"https:\/\/linitiative.ca\/International\/wp-json\/wp\/v2\/media?parent=115919"}],"wp:term":[{"taxonomy":"category","embeddable":true,"href":"https:\/\/linitiative.ca\/International\/wp-json\/wp\/v2\/categories?post=115919"},{"taxonomy":"post_tag","embeddable":true,"href":"https:\/\/linitiative.ca\/International\/wp-json\/wp\/v2\/tags?post=115919"}],"curies":[{"name":"wp","href":"https:\/\/api.w.org\/{rel}","templated":true}]}}