{"id":115920,"date":"2021-04-30T13:18:02","date_gmt":"2021-04-30T17:18:02","guid":{"rendered":"https:\/\/linitiative.ca\/International\/vers-un-cadre-de-cooperation-transfrontalier-cote-divoire-burkina\/"},"modified":"2021-04-30T13:18:02","modified_gmt":"2021-04-30T17:18:02","slug":"vers-un-cadre-de-cooperation-transfrontalier-cote-divoire-burkina","status":"publish","type":"post","link":"https:\/\/linitiative.ca\/International\/vers-un-cadre-de-cooperation-transfrontalier-cote-divoire-burkina\/","title":{"rendered":"Vers un cadre de coop\u00e9ration transfrontalier C\u00f4te d\u2019Ivoire\/Burkina"},"content":{"rendered":"<div readability=\"32\">\n<p>Publi\u00e9 le 30.04.2021 \u00e0 18h18 par APA News<\/p>\n<\/div>\n<div readability=\"102\">\n<p>Les acteurs en charge de la gestion des fronti\u00e8res de la C\u00f4te d\u2019Ivoire et du Burkina Faso ont \u00e9t\u00e9 appel\u00e9s \u00e0 institutionnaliser un cadre de coop\u00e9ration transfrontalier entre les deux pays.<\/p>\n<p>Cet appel a \u00e9t\u00e9 lanc\u00e9 \u00e0 l\u2019issue de la deuxi\u00e8me rencontre des acteurs frontaliers des d\u00e9partements de Ouangolodougou, Kong et T\u00e9hini en C\u00f4te d\u2019Ivoire et de la province de la Como\u00e9 au Burkina Faso, selon le communiqu\u00e9 final transmis \u00e0 APA.<\/p>\n<p>\u00a0La rencontre s\u2019est tenue dans la ville ivoirienne de Ferkess\u00e9dougou les 26 et 27 avril 2021, sous la copr\u00e9sidence de Monsieur Soualiho Sou\u00f9ahoro, Pr\u00e9fet du d\u00e9partement de Kong en C\u00f4te d\u2019Ivoire et Madame Aminata Sorgho \/Gouba, Haut-Commissaire de la province de la Como\u00e9 au Burkina.<\/p>\n<p>A l\u2019endroit des acteurs en charge de la gestion des fronti\u00e8res des deux Etats, la rencontre a propos\u00e9 d\u2019institutionnaliser un cadre de coop\u00e9ration transfrontalier couvrant les espaces g\u00e9ographiques des quatre circonscriptions : la province de la Como\u00e9 au Burkina et les d\u00e9partements de Ouangolodougou, Kong et de T\u00e9hini en C\u00f4te d\u2019Ivoire.<\/p>\n<p>La mise en place des groupements locaux de coop\u00e9ration transfrontali\u00e8re dans l\u2019espace r\u00e9unissant la province de la Como\u00e9 et les d\u00e9partements de Ouangolodougou, Kong et T\u00e9hini figure \u00e9galement sur la liste des recommandations.<\/p>\n<p>Cette deuxi\u00e8me rencontre a eu pour objectif principal d\u2019\u00e9changer autour des probl\u00e9matiques communes en vue de renforcer la coop\u00e9ration transfrontali\u00e8re dans les domaines de la gestion des ressources naturelles et de l\u2019environnement, de la sant\u00e9, de l\u2019agriculture, de la s\u00e9curit\u00e9 et de libre circulation des biens et des personnes dans la zone frontali\u00e8re commune.<\/p>\n<p>Par ailleurs, les participants ont recommand\u00e9 d\u2019\u00e9tendre le ressort territorial des autorit\u00e9s d\u00e9centralis\u00e9es jusqu\u2019\u00e0 la limite des fronti\u00e8res en ce qui concerne la C\u00f4te d\u2019Ivoire et de mettre \u00e0 disposition des autorit\u00e9s administratives d\u00e9concentr\u00e9es et d\u00e9centralis\u00e9es des moyens mat\u00e9riels et financiers n\u00e9cessaires pour l\u2019exercice de leur fonction.<\/p>\n<p>En outre, ils ont propos\u00e9 d\u2019augmenter le nombre de postes fronti\u00e8res int\u00e9gr\u00e9s dans les espaces frontaliers et de renforcer les capacit\u00e9s des unit\u00e9s de lutte contre l\u2019orpaillage clandestin au niveau des zones frontali\u00e8res des deux Etats.<\/p>\n<p>Enfin, l\u2019acc\u00e9l\u00e9ration de la construction du poste juxtapos\u00e9 de Lal\u00e9raba a \u00e9t\u00e9 recommand\u00e9e.<\/p>\n<p>A l\u2019endroit des forces de d\u00e9fense et de s\u00e9curit\u00e9, la rencontre a \u00a0exhort\u00e9 les Forces de d\u00e9fense et de s\u00e9curit\u00e9 (FDS) \u00e0 cr\u00e9er un climat de confiance et de collaboration franche avec les populations par une introspection profonde et un changement de comportement afin de gagner la confiance et l\u2019estime des populations.<\/p>\n<p>A l\u2019endroit des services techniques d\u00e9concentr\u00e9s et des collectivit\u00e9s territoriales, il a \u00e9t\u00e9 propos\u00e9 de restaurer le couvert v\u00e9g\u00e9tal par l\u2019instauration d\u2019une journ\u00e9e conjointe de reboisement dans l\u2019espace frontalier et de cr\u00e9er des cadres conjoints de r\u00e8glement des conflits li\u00e9s \u00e0 la gestion des ressources naturelles et de l\u2019environnement.<\/p>\n<p>Faciliter les interconnexions (corridors \u00e9cologiques) entre les aires prot\u00e9g\u00e9es aux fronti\u00e8res et \u00e9laborer des projets conjoints d\u2019am\u00e9lioration et d\u2019assainissement du cadre de vie des populations frontali\u00e8res, figurent \u00e9galement sur la liste des recommandations.<\/p>\n<p>Au niveau des chefs de village et autres leaders d\u2019opinion, il a \u00e9t\u00e9 recommand\u00e9 d\u2019exhorter les chefs de village et autres leaders d\u2019opinion \u00e0 servir de relais aux autorit\u00e9s administratives sur les probl\u00e8mes frontaliers.<\/p>\n<\/div>\n<p>Auteur: APA News<br \/>\n<a href=\"https:\/\/www.journalducameroun.com\/vers-un-cadre-de-cooperation-transfrontalier-cote-divoire-burkina\/\">Cliquez ici pour lire l&rsquo;article depuis sa source.<\/a><\/p>\n","protected":false},"excerpt":{"rendered":"<p>Publi\u00e9 le 30.04.2021 \u00e0 18h18 par APA News Les acteurs en charge de la gestion des fronti\u00e8res de la C\u00f4te d\u2019Ivoire et du Burkina Faso ont \u00e9t\u00e9 appel\u00e9s \u00e0 institutionnaliser un cadre de coop\u00e9ration transfrontalier entre les deux pays. Cet appel a \u00e9t\u00e9 lanc\u00e9 \u00e0 l\u2019issue de la deuxi\u00e8me rencontre des acteurs frontaliers des d\u00e9partements [&hellip;]<\/p>\n","protected":false},"author":1965,"featured_media":0,"comment_status":"closed","ping_status":"closed","sticky":false,"template":"","format":"standard","meta":{"fifu_image_url":"","fifu_image_alt":"","footnotes":""},"categories":[73,82],"tags":[],"class_list":["post-115920","post","type-post","status-publish","format-standard","hentry","category-actualite","category-cameroun"],"_links":{"self":[{"href":"https:\/\/linitiative.ca\/International\/wp-json\/wp\/v2\/posts\/115920","targetHints":{"allow":["GET"]}}],"collection":[{"href":"https:\/\/linitiative.ca\/International\/wp-json\/wp\/v2\/posts"}],"about":[{"href":"https:\/\/linitiative.ca\/International\/wp-json\/wp\/v2\/types\/post"}],"author":[{"embeddable":true,"href":"https:\/\/linitiative.ca\/International\/wp-json\/wp\/v2\/users\/1965"}],"replies":[{"embeddable":true,"href":"https:\/\/linitiative.ca\/International\/wp-json\/wp\/v2\/comments?post=115920"}],"version-history":[{"count":0,"href":"https:\/\/linitiative.ca\/International\/wp-json\/wp\/v2\/posts\/115920\/revisions"}],"wp:attachment":[{"href":"https:\/\/linitiative.ca\/International\/wp-json\/wp\/v2\/media?parent=115920"}],"wp:term":[{"taxonomy":"category","embeddable":true,"href":"https:\/\/linitiative.ca\/International\/wp-json\/wp\/v2\/categories?post=115920"},{"taxonomy":"post_tag","embeddable":true,"href":"https:\/\/linitiative.ca\/International\/wp-json\/wp\/v2\/tags?post=115920"}],"curies":[{"name":"wp","href":"https:\/\/api.w.org\/{rel}","templated":true}]}}