{"id":115921,"date":"2021-04-30T13:18:02","date_gmt":"2021-04-30T17:18:02","guid":{"rendered":"https:\/\/linitiative.ca\/International\/pulcherie-gbalet-appelle-a-une-veritable-reconciliation-apres-sa-liberation-provisoire\/"},"modified":"2021-04-30T13:18:02","modified_gmt":"2021-04-30T17:18:02","slug":"pulcherie-gbalet-appelle-a-une-veritable-reconciliation-apres-sa-liberation-provisoire","status":"publish","type":"post","link":"https:\/\/linitiative.ca\/International\/pulcherie-gbalet-appelle-a-une-veritable-reconciliation-apres-sa-liberation-provisoire\/","title":{"rendered":"Pulcherie Gbalet appelle \u00e0 \u00ab\u00a0une v\u00e9ritable r\u00e9conciliation\u00a0\u00bb apr\u00e8s sa lib\u00e9ration provisoire"},"content":{"rendered":"<div readability=\"32\">\n<p>Publi\u00e9 le 30.04.2021 \u00e0 18h18 par APA News<\/p>\n<\/div>\n<div readability=\"125\">\n<p>La pr\u00e9sidente de l\u2019ONG Alternative citoyenne ivoirienne (ACI), Pulcherie Gbalet, qui b\u00e9n\u00e9ficie d\u2019une libert\u00e9 provisoire apr\u00e8s un appel \u00e0 manifester contre un troisi\u00e8me mandat de Alassane Ouattara, a invit\u00e9 vendredi face \u00e0 la presse, les politiques et la soci\u00e9t\u00e9 civile \u00e0 \u00ab\u00a0une v\u00e9ritable r\u00e9conciliation\u00a0\u00bb.<\/p>\n<p>\u00ab\u00a0Sachez que notre priorit\u00e9 r\u00e9side dans votre bien-\u00eatre \u00e0 travers l\u2019instauration d\u2019un \u00e9tat de droit et une meilleure gouvernance de nos ressources. Pour vous, nous irons jusqu\u2019au bout de ce combat\u00a0\u00bb, a d\u00e9clar\u00e9 Mme Pulcherie Gbalet, lors d\u2019une conf\u00e9rence de presse.\u00a0<\/p>\n<p>\u00a0Elle a ensuite appel\u00e9 \u00ab\u00a0tous les acteurs politiques et ceux de la soci\u00e9t\u00e9 civile \u00e0 oeuvrer pour une v\u00e9ritable r\u00e9conciliation\u00a0\u00bb, soutenant que \u00ab\u00a0la r\u00e9conciliation est en principe un vaste programme qui inclue la lib\u00e9ration de tous les prisonniers politiques\u00a0\u00bb.<\/p>\n<p>Pour elle, la r\u00e9conciliation renferme \u00ab\u00a0le retour s\u00e9curis\u00e9 des exil\u00e9s et le r\u00e8glement courageux de plusieurs questions sensibles dont \u00a0la nationalit\u00e9, l\u2019immigration, la gestion du foncier\u2026Et cela ne peut se faire qu\u2019\u00e0 travers un dialogue inclusif\u00a0\u00bb.\u00a0<\/p>\n<p>\u00a0\u00ab\u00a0Nous appelons de tous nos v\u0153ux depuis le d\u00e9but de notre lutte, pour un \u00e9tat de droit\u00a0\u00bb et \u00ab\u00a0demandons donc encore une fois ce dialogue inclusif apr\u00e8s la lib\u00e9ration de tous les prisonniers politiques et le retour de tous les exil\u00e9s\u00a0\u00bb, a-t-elle ajout\u00e9.\u00a0<\/p>\n<p>La pr\u00e9sidente de ACI, mise en libert\u00e9 provisoire avec des proches collaborateurs, a exprim\u00e9 sa gratitude \u00ab\u00a0\u00e0 l\u2019endroit des chancelleries qui ont fait un travail de fond\u00a0\u00bb et particuli\u00e8rement Emmanuel Macron qui a \u00ab\u00a0port\u00e9 une attention particuli\u00e8re \u00e0 notre lib\u00e9ration\u00a0\u00bb, a-t-elle ajout\u00e9.<\/p>\n<p>Mme Pulcherie Gbalet a aussi remerci\u00e9 le d\u00e9put\u00e9 fran\u00e7ais Michel Larive de la \u00ab\u00a0France insoumise\u00a0\u00bb qui \u00ab\u00a0n\u2019a m\u00e9nag\u00e9 aucun effort pour demander notre lib\u00e9ration tant par une conf\u00e9rence de presse que par des courriers \u00e0 toutes les autorit\u00e9s et juridictions\u00a0\u00bb.\u00a0<\/p>\n<p>\u00ab\u00a0Nos remerciements \u00e9galement \u00e0 tous les leaders de l\u2019opposition, avec \u00e0 leur t\u00eate le Pr\u00e9sident Henri Konan B\u00e9di\u00e9, qui se sont mobilis\u00e9s et qui ne nous ont jamais oubli\u00e9s dans leurs discours et dans leurs n\u00e9gociations.<\/p>\n<p>\u00ab\u00a0Nous remercions les guides religieux qui sont connus pour agir efficacement dans l\u2019ombre. Que le Seigneur vous rende vos d\u00e9marches et vos pri\u00e8res en faveur de tous les prisonniers\u00a0\u00bb, a-t-elle poursuivi.\u00a0<\/p>\n<p>\u00a0Selon elle, la plupart des personnes qui ont \u00e9t\u00e9 \u00ab\u00a0arr\u00eat\u00e9es dans le cadre de la d\u00e9sob\u00e9issance civile pour dire non au 3e mandat, n\u2019ont pas \u00e9t\u00e9 arr\u00eat\u00e9es r\u00e9guli\u00e8rement\u00a0\u00bb, car elles \u00e9taient d\u2019abord enlev\u00e9es et envoy\u00e9es dans un lieu inconnu de leurs proches.<\/p>\n<p>En d\u00e9pit de morts, Pulcherie Gbalet \u00ab\u00a0pense qu\u2019il n\u2019y a pas de regret \u00e0 avoir, (car) dans toutes les luttes on laisse des plumes. C\u2019est dommage qu\u2019 il y ait eu des morts, ce n\u2019\u00e9tait pas l\u2019objectif\u00a0\u00bb.<\/p>\n<p>\u00ab\u00a0Personnellement, on avait lanc\u00e9 un appel \u00e0 des marches pacifiques et je ne pense pas que des marcheurs puissent s\u2019auto-agresser. Nos marcheurs ont \u00e9t\u00e9 agress\u00e9s et \u00e7a c\u2019est la justice qui peut nous le dire\u00a0\u00bb, a-t-elle laiss\u00e9 entendre.<\/p>\n<p>\u00ab\u00a0Dans tous les cas, le regret qu\u2019 il y a, c\u2019est un peu le manque de solidarit\u00e9 entre tous ceux qui d\u00e9fendent la m\u00eame cause\u00a0\u00bb, a-t-elle soulign\u00e9, assurant avoir un \u00ab\u00a0moral tr\u00e8s haut\u00a0\u00bb et son exp\u00e9rience en prison lui a donn\u00e9 d\u2019autres sujets, entre autres, les conditions de d\u00e9tention. \u00a0<\/p>\n<p>Arr\u00eat\u00e9e le 15 ao\u00fbt 2020, Pulcherie Gbalet a \u00e9t\u00e9 mise en libert\u00e9 provisoire mercredi \u00e0 23h, un peu plus de huit mois apr\u00e8s sa d\u00e9tention. Lundi, le juge lui signifiera les termes de sa libert\u00e9 provisoire.\u00a0<\/p>\n<\/div>\n<p>Auteur: APA News<br \/>\n<a href=\"https:\/\/www.journalducameroun.com\/pulcherie-gbalet-appelle-a-une-veritable-reconciliation-apres-sa-liberation-provisoire\/\">Cliquez ici pour lire l&rsquo;article depuis sa source.<\/a><\/p>\n","protected":false},"excerpt":{"rendered":"<p>Publi\u00e9 le 30.04.2021 \u00e0 18h18 par APA News La pr\u00e9sidente de l\u2019ONG Alternative citoyenne ivoirienne (ACI), Pulcherie Gbalet, qui b\u00e9n\u00e9ficie d\u2019une libert\u00e9 provisoire apr\u00e8s un appel \u00e0 manifester contre un troisi\u00e8me mandat de Alassane Ouattara, a invit\u00e9 vendredi face \u00e0 la presse, les politiques et la soci\u00e9t\u00e9 civile \u00e0 \u00ab\u00a0une v\u00e9ritable r\u00e9conciliation\u00a0\u00bb. \u00ab\u00a0Sachez que notre [&hellip;]<\/p>\n","protected":false},"author":1965,"featured_media":0,"comment_status":"closed","ping_status":"closed","sticky":false,"template":"","format":"standard","meta":{"fifu_image_url":"","fifu_image_alt":"","footnotes":""},"categories":[73,82],"tags":[],"class_list":["post-115921","post","type-post","status-publish","format-standard","hentry","category-actualite","category-cameroun"],"_links":{"self":[{"href":"https:\/\/linitiative.ca\/International\/wp-json\/wp\/v2\/posts\/115921","targetHints":{"allow":["GET"]}}],"collection":[{"href":"https:\/\/linitiative.ca\/International\/wp-json\/wp\/v2\/posts"}],"about":[{"href":"https:\/\/linitiative.ca\/International\/wp-json\/wp\/v2\/types\/post"}],"author":[{"embeddable":true,"href":"https:\/\/linitiative.ca\/International\/wp-json\/wp\/v2\/users\/1965"}],"replies":[{"embeddable":true,"href":"https:\/\/linitiative.ca\/International\/wp-json\/wp\/v2\/comments?post=115921"}],"version-history":[{"count":0,"href":"https:\/\/linitiative.ca\/International\/wp-json\/wp\/v2\/posts\/115921\/revisions"}],"wp:attachment":[{"href":"https:\/\/linitiative.ca\/International\/wp-json\/wp\/v2\/media?parent=115921"}],"wp:term":[{"taxonomy":"category","embeddable":true,"href":"https:\/\/linitiative.ca\/International\/wp-json\/wp\/v2\/categories?post=115921"},{"taxonomy":"post_tag","embeddable":true,"href":"https:\/\/linitiative.ca\/International\/wp-json\/wp\/v2\/tags?post=115921"}],"curies":[{"name":"wp","href":"https:\/\/api.w.org\/{rel}","templated":true}]}}