{"id":115922,"date":"2021-04-30T13:18:02","date_gmt":"2021-04-30T17:18:02","guid":{"rendered":"https:\/\/linitiative.ca\/International\/tchad-lua-depeche-une-mission-denquete\/"},"modified":"2021-04-30T13:18:02","modified_gmt":"2021-04-30T17:18:02","slug":"tchad-lua-depeche-une-mission-denquete","status":"publish","type":"post","link":"https:\/\/linitiative.ca\/International\/tchad-lua-depeche-une-mission-denquete\/","title":{"rendered":"Tchad : l\u2019UA d\u00e9p\u00eache une mission d\u2019enqu\u00eate"},"content":{"rendered":"<div readability=\"32\">\n<p>Publi\u00e9 le 30.04.2021 \u00e0 18h18 par APA News<\/p>\n<\/div>\n<div readability=\"89\">\n<p>L\u2019\u00e9quipe dirig\u00e9e par le Commissaire de l\u2019Union africaine aux Affaires politiques, \u00e0 la paix et \u00e0 la s\u00e9curit\u00e9, Bankole Adeoye, s\u00e9journe au Tchad du 29 avril au 6 mai pour s\u2019enqu\u00e9rir de la situation politique et s\u00e9curitaire.Le devenir du Tchad, dix jours apr\u00e8s l\u2019annonce de la mort au front de son pr\u00e9sident Idriss D\u00e9by Itno, int\u00e9resse au plus haut point la Commission de l\u2019Union africaine.<\/p>\n<p>Elle a ainsi envoy\u00e9 \u00e0 N\u2019Djamena cinq membres de son Conseil de paix et de s\u00e9curit\u00e9 qui chercheront, selon un communiqu\u00e9 re\u00e7u ce vendredi \u00e0 APA, \u00ab d\u2019obtenir des informations de premi\u00e8re main aupr\u00e8s des autorit\u00e9s et des parties prenantes \u00bb avant d\u2019examiner \u00ab les strat\u00e9gies visant \u00e0 faciliter un retour rapide \u00e0 l\u2019ordre constitutionnel et \u00e0 la gouvernance d\u00e9mocratique, tout en pr\u00e9servant la s\u00e9curit\u00e9 et l\u2019int\u00e9grit\u00e9 territoriale du Tchad\u00a0\u00bb.<\/p>\n<p>La R\u00e9publique d\u00e9mocratique du Congo, dont le chef de l\u2019Etat F\u00e9lix Tshisekedi assure la pr\u00e9sidence tournante de l\u2019UA, a \u00e9t\u00e9 associ\u00e9e \u00e0 cette mission d\u2019enqu\u00eate. Celle-ci devrait, en outre, \u00ab r\u00e9affirmer la solidarit\u00e9 de l\u2019UA avec le gouvernement et le peuple tchadien, ainsi que son engagement ind\u00e9fectible \u00e0 soutenir le processus de transition\u00a0\u00bb.<\/p>\n<p>D\u2019apr\u00e8s le document, \u00ab la lutte contre le terrorisme et l\u2019extr\u00e9misme violent, la r\u00e9bellion arm\u00e9e et la criminalit\u00e9 transnationale organis\u00e9e \u00bb seront entre autres les sujets que la mission abordera sur place.<\/p>\n<p>Pour une issue heureuse \u00e0 la crise, la mission d\u2019enqu\u00eate doit tenir des consultations avec la Communaut\u00e9 \u00e9conomique des \u00c9tats de l\u2019Afrique centrale (CEEAC), la Commission du Bassin du Lac Tchad (CBLT), la Communaut\u00e9 des \u00c9tats sah\u00e9lo-sahariens (CEN-SAD), la Communaut\u00e9 \u00e9conomique des \u00c9tats de l\u2019Afrique de l\u2019Ouest (Cedeao), le G5 Sahel et les Nations unies.<\/p>\n<p>Le flou entoure toujours les circonstances du d\u00e9c\u00e8s d\u2019Idriss D\u00e9by. A en croire la version officielle, le mar\u00e9chal du Tchad est mort en tentant de contrer une colonne de rebelles du Front pour l\u2019alternance et la concorde au Tchad (Fact). Toutefois, l\u2019UA a propos\u00e9 au Conseil Militaire de Transition, qui d\u00e9tient actuellement le pouvoir, de \u00ab soutenir l\u2019enqu\u00eate sur<br \/>le meurtre du d\u00e9funt pr\u00e9sident \u00bb.<\/p>\n<p>En principe, le Conseil de paix et de s\u00e9curit\u00e9 de l\u2019Union africaine devrait recevoir, au plus tard le 8 mai prochain, les conclusions de la mission d\u2019enqu\u00eate pour juger sur pi\u00e8ces.<\/p>\n<\/div>\n<p>Auteur: APA News<br \/>\n<a href=\"https:\/\/www.journalducameroun.com\/tchad-lua-depeche-une-mission-denquete\/\">Cliquez ici pour lire l&rsquo;article depuis sa source.<\/a><\/p>\n","protected":false},"excerpt":{"rendered":"<p>Publi\u00e9 le 30.04.2021 \u00e0 18h18 par APA News L\u2019\u00e9quipe dirig\u00e9e par le Commissaire de l\u2019Union africaine aux Affaires politiques, \u00e0 la paix et \u00e0 la s\u00e9curit\u00e9, Bankole Adeoye, s\u00e9journe au Tchad du 29 avril au 6 mai pour s\u2019enqu\u00e9rir de la situation politique et s\u00e9curitaire.Le devenir du Tchad, dix jours apr\u00e8s l\u2019annonce de la mort [&hellip;]<\/p>\n","protected":false},"author":1965,"featured_media":0,"comment_status":"closed","ping_status":"closed","sticky":false,"template":"","format":"standard","meta":{"fifu_image_url":"","fifu_image_alt":"","footnotes":""},"categories":[73,82],"tags":[],"class_list":["post-115922","post","type-post","status-publish","format-standard","hentry","category-actualite","category-cameroun"],"_links":{"self":[{"href":"https:\/\/linitiative.ca\/International\/wp-json\/wp\/v2\/posts\/115922","targetHints":{"allow":["GET"]}}],"collection":[{"href":"https:\/\/linitiative.ca\/International\/wp-json\/wp\/v2\/posts"}],"about":[{"href":"https:\/\/linitiative.ca\/International\/wp-json\/wp\/v2\/types\/post"}],"author":[{"embeddable":true,"href":"https:\/\/linitiative.ca\/International\/wp-json\/wp\/v2\/users\/1965"}],"replies":[{"embeddable":true,"href":"https:\/\/linitiative.ca\/International\/wp-json\/wp\/v2\/comments?post=115922"}],"version-history":[{"count":0,"href":"https:\/\/linitiative.ca\/International\/wp-json\/wp\/v2\/posts\/115922\/revisions"}],"wp:attachment":[{"href":"https:\/\/linitiative.ca\/International\/wp-json\/wp\/v2\/media?parent=115922"}],"wp:term":[{"taxonomy":"category","embeddable":true,"href":"https:\/\/linitiative.ca\/International\/wp-json\/wp\/v2\/categories?post=115922"},{"taxonomy":"post_tag","embeddable":true,"href":"https:\/\/linitiative.ca\/International\/wp-json\/wp\/v2\/tags?post=115922"}],"curies":[{"name":"wp","href":"https:\/\/api.w.org\/{rel}","templated":true}]}}