{"id":115923,"date":"2021-04-30T14:18:02","date_gmt":"2021-04-30T18:18:02","guid":{"rendered":"https:\/\/linitiative.ca\/International\/ramaphosa-rend-hommage-a-la-defunte-reine-dlamini\/"},"modified":"2021-04-30T14:18:02","modified_gmt":"2021-04-30T18:18:02","slug":"ramaphosa-rend-hommage-a-la-defunte-reine-dlamini","status":"publish","type":"post","link":"https:\/\/linitiative.ca\/International\/ramaphosa-rend-hommage-a-la-defunte-reine-dlamini\/","title":{"rendered":"Ramaphosa rend hommage \u00e0 la d\u00e9funte reine Dlamini"},"content":{"rendered":"<div readability=\"32\">\n<p>Publi\u00e9 le 30.04.2021 \u00e0 19h18 par APA News<\/p>\n<\/div>\n<div readability=\"64\">\n<p>Le chef de l\u2019Etat sud-africain, Cyril Ramaphosa, a rendu hommage \u00e0 la d\u00e9funte r\u00e9gente de la nation zouloue.Le pr\u00e9sident Ramaphosa a pr\u00e9sent\u00e9 ce vendredi ses condol\u00e9ances \u00e0 la famille royale et \u00e0 la nation zouloue suite au d\u00e9c\u00e8s, la veille, de la reine Shiyiwe Mantfombi Dlamini.<\/p>\n<p>Rendant hommage \u00e0 la d\u00e9funte r\u00e9gente, le dirigeant sud-africain a invit\u00e9 tous ses compatriotes \u00e0 \u00ab se tenir aux c\u00f4t\u00e9s de la famille royale et de la nation en cette heure de deuil\u00a0\u00bb.<\/p>\n<p>\u00ab Nos pens\u00e9es, nos pri\u00e8res et nos c\u0153urs accompagnent la famille royale qui, au milieu du deuil de la disparition du roi bien-aim\u00e9, est maintenant appel\u00e9e \u00e0 faire ses adieux \u00e0 la r\u00e9gente dans une succession malheureusement courte \u00bb, a d\u00e9plor\u00e9 M. Ramaphosa.<\/p>\n<p>Le prince Mangosuthu Buthelezi a d\u00e9clar\u00e9 que le d\u00e9c\u00e8s de la r\u00e9gente, un mois apr\u00e8s la mort de son mari, le roi Goodwill Zwelithini ka Bhekuzulu, le 12 mars \u00e0 l\u2019\u00e2ge de 72 ans, avait choqu\u00e9 la nation zouloue.<\/p>\n<p>M. Buthelezi, qui est \u00e9galement le Premier ministre traditionnel du monarque et de la nation zoulous, a affirm\u00e9 que la mort de la r\u00e9gente \u00ab nous a pris de court et nous laisse compl\u00e8tement endeuill\u00e9s\u00a0\u00bb.<\/p>\n<\/div>\n<p>Auteur: APA News<br \/>\n<a href=\"https:\/\/www.journalducameroun.com\/ramaphosa-rend-hommage-a-la-defunte-reine-dlamini\/\">Cliquez ici pour lire l&rsquo;article depuis sa source.<\/a><\/p>\n","protected":false},"excerpt":{"rendered":"<p>Publi\u00e9 le 30.04.2021 \u00e0 19h18 par APA News Le chef de l\u2019Etat sud-africain, Cyril Ramaphosa, a rendu hommage \u00e0 la d\u00e9funte r\u00e9gente de la nation zouloue.Le pr\u00e9sident Ramaphosa a pr\u00e9sent\u00e9 ce vendredi ses condol\u00e9ances \u00e0 la famille royale et \u00e0 la nation zouloue suite au d\u00e9c\u00e8s, la veille, de la reine Shiyiwe Mantfombi Dlamini. Rendant [&hellip;]<\/p>\n","protected":false},"author":1965,"featured_media":0,"comment_status":"closed","ping_status":"closed","sticky":false,"template":"","format":"standard","meta":{"fifu_image_url":"","fifu_image_alt":"","footnotes":""},"categories":[73,82],"tags":[],"class_list":["post-115923","post","type-post","status-publish","format-standard","hentry","category-actualite","category-cameroun"],"_links":{"self":[{"href":"https:\/\/linitiative.ca\/International\/wp-json\/wp\/v2\/posts\/115923","targetHints":{"allow":["GET"]}}],"collection":[{"href":"https:\/\/linitiative.ca\/International\/wp-json\/wp\/v2\/posts"}],"about":[{"href":"https:\/\/linitiative.ca\/International\/wp-json\/wp\/v2\/types\/post"}],"author":[{"embeddable":true,"href":"https:\/\/linitiative.ca\/International\/wp-json\/wp\/v2\/users\/1965"}],"replies":[{"embeddable":true,"href":"https:\/\/linitiative.ca\/International\/wp-json\/wp\/v2\/comments?post=115923"}],"version-history":[{"count":0,"href":"https:\/\/linitiative.ca\/International\/wp-json\/wp\/v2\/posts\/115923\/revisions"}],"wp:attachment":[{"href":"https:\/\/linitiative.ca\/International\/wp-json\/wp\/v2\/media?parent=115923"}],"wp:term":[{"taxonomy":"category","embeddable":true,"href":"https:\/\/linitiative.ca\/International\/wp-json\/wp\/v2\/categories?post=115923"},{"taxonomy":"post_tag","embeddable":true,"href":"https:\/\/linitiative.ca\/International\/wp-json\/wp\/v2\/tags?post=115923"}],"curies":[{"name":"wp","href":"https:\/\/api.w.org\/{rel}","templated":true}]}}