{"id":115925,"date":"2021-04-30T10:07:55","date_gmt":"2021-04-30T14:07:55","guid":{"rendered":"https:\/\/linitiative.ca\/International\/telephone-mobile-benoit-yaoussou-est-le-nouveau-dg-de-viettel\/"},"modified":"2021-04-30T10:07:55","modified_gmt":"2021-04-30T14:07:55","slug":"telephone-mobile-benoit-yaoussou-est-le-nouveau-dg-de-viettel","status":"publish","type":"post","link":"https:\/\/linitiative.ca\/International\/telephone-mobile-benoit-yaoussou-est-le-nouveau-dg-de-viettel\/","title":{"rendered":"T\u00e9l\u00e9phone mobile : Beno\u00eet Yaoussou est le nouveau DG de Viettel"},"content":{"rendered":"<p>Le pr\u00e9sident du conseil d\u2019administration de Viettel, Baba Ahmadou Danpullo, a nomm\u00e9 un nouveau Directeur g\u00e9n\u00e9ral \u00e0 la t\u00eate de cette entreprise propri\u00e9taire de la marque de t\u00e9l\u00e9phonie mobile Nexttel. Il s\u2019agit de Beno\u00eet Yaoussou, lit-on dans une d\u00e9cision du PCA rendue publique ce vendredi 30 avril 2021. Benoit Yaoussou remplace \u00e0 cette fonction Haman Oumar.<\/p>\n<p><strong>Lire aussi<\/strong> : <strong><a href=\"https:\/\/ecomatin.net\/les-dessous-du-limogeage-du-personnel-de-nexttel\/\">Les dessous du limogeage du personnel de Nexttel<\/a><\/strong><\/p>\n<p>De ses missions, \u00ab\u00a0M. Yaoussou Beno\u00eet dont le poste est bas\u00e9 \u00e0 Douala, m\u00e8nera ses t\u00e2ches et des pr\u00e9rogatives dans le respect de sa fiche de poste, des instructions de sa hi\u00e9rarchie ainsi que du r\u00e8glement int\u00e9rieur de Viettel Cameroun\u00a0\u00bb, pr\u00e9cise l\u2019article 2 de ladite d\u00e9cision.<\/p>\n<p>Concernant son parcours professionnel,\u00a0Beno\u00eet Yaoussou a offici\u00e9 comme d\u00e9l\u00e9gu\u00e9 r\u00e9gional de l\u2019Agence de R\u00e9gulation des T\u00e9l\u00e9communications (ART) pour le Littoral avant d\u2019aller en retraite en 2020. Il officiait d\u00e9j\u00e0 comme consultant pour le compte de Nexttel avant d\u2019\u00eatre port\u00e9 \u00e0 ce prestigieux poste.<\/p>\n<p><strong>Lire aussi<\/strong> : <strong><a href=\"https:\/\/ecomatin.net\/le-personnel-nexttel-cameroun-entre-en-greve\/\">Le personnel Nexttel Cameroun entre en gr\u00e8ve<\/a><\/strong><\/p>\n<p>La compagnie est en proie ces derni\u00e8res ann\u00e9es \u00e0 des querelles intestines opposant ses diff\u00e9rents actionnaires, et c\u2019est dans ce nouvel environnement que le nouveau DG devra faire ses preuves. Pourtant, elle a tout de m\u00eame r\u00e9alis\u00e9 un chiffre d\u2019affaires de 206,77 millions de dollars, soit 21,8 % du chiffre d\u2019affaires global du march\u00e9 de la t\u00e9l\u00e9phonie mobile au Cameroun en 2019, selon le cabinet d\u2019intelligence \u00e9conomique Omdia.<\/p>\n<p>Auteur: Yannick KENNE<br \/>\n<a href=\"https:\/\/ecomatin.net\/telephone-mobile-benoit-yaoussou-est-le-nouveau-dg-de-viettel\/\">Cliquez ici pour lire l&rsquo;article depuis sa source.<\/a><\/p>\n","protected":false},"excerpt":{"rendered":"<p>Le pr\u00e9sident du conseil d\u2019administration de Viettel, Baba Ahmadou Danpullo, a nomm\u00e9 un nouveau Directeur g\u00e9n\u00e9ral \u00e0 la t\u00eate de cette entreprise propri\u00e9taire de la marque de t\u00e9l\u00e9phonie mobile Nexttel. Il s\u2019agit de Beno\u00eet Yaoussou, lit-on dans une d\u00e9cision du PCA rendue publique ce vendredi 30 avril 2021. Benoit Yaoussou remplace \u00e0 cette fonction Haman [&hellip;]<\/p>\n","protected":false},"author":1969,"featured_media":0,"comment_status":"closed","ping_status":"closed","sticky":false,"template":"","format":"standard","meta":{"fifu_image_url":"","fifu_image_alt":"","footnotes":""},"categories":[82,78],"tags":[],"class_list":["post-115925","post","type-post","status-publish","format-standard","hentry","category-cameroun","category-economie"],"_links":{"self":[{"href":"https:\/\/linitiative.ca\/International\/wp-json\/wp\/v2\/posts\/115925","targetHints":{"allow":["GET"]}}],"collection":[{"href":"https:\/\/linitiative.ca\/International\/wp-json\/wp\/v2\/posts"}],"about":[{"href":"https:\/\/linitiative.ca\/International\/wp-json\/wp\/v2\/types\/post"}],"author":[{"embeddable":true,"href":"https:\/\/linitiative.ca\/International\/wp-json\/wp\/v2\/users\/1969"}],"replies":[{"embeddable":true,"href":"https:\/\/linitiative.ca\/International\/wp-json\/wp\/v2\/comments?post=115925"}],"version-history":[{"count":0,"href":"https:\/\/linitiative.ca\/International\/wp-json\/wp\/v2\/posts\/115925\/revisions"}],"wp:attachment":[{"href":"https:\/\/linitiative.ca\/International\/wp-json\/wp\/v2\/media?parent=115925"}],"wp:term":[{"taxonomy":"category","embeddable":true,"href":"https:\/\/linitiative.ca\/International\/wp-json\/wp\/v2\/categories?post=115925"},{"taxonomy":"post_tag","embeddable":true,"href":"https:\/\/linitiative.ca\/International\/wp-json\/wp\/v2\/tags?post=115925"}],"curies":[{"name":"wp","href":"https:\/\/api.w.org\/{rel}","templated":true}]}}