{"id":115927,"date":"2021-05-01T10:19:59","date_gmt":"2021-05-01T14:19:59","guid":{"rendered":"https:\/\/linitiative.ca\/International\/fete-du-travail-la-cgem-mobilisee-pour-soutenir-les-entreprises-et-les-salaries\/"},"modified":"2021-05-01T10:19:59","modified_gmt":"2021-05-01T14:19:59","slug":"fete-du-travail-la-cgem-mobilisee-pour-soutenir-les-entreprises-et-les-salaries","status":"publish","type":"post","link":"https:\/\/linitiative.ca\/International\/fete-du-travail-la-cgem-mobilisee-pour-soutenir-les-entreprises-et-les-salaries\/","title":{"rendered":"F\u00eate du travail: La CGEM mobilis\u00e9e pour soutenir les entreprises et les salari\u00e9s"},"content":{"rendered":"<header>\n<\/header>\n<div class=\"entry-content clearfix\" readability=\"62\">\n<figure class=\"post-thumbnail\" itemprop=\"associatedMedia\" itemscope=\"itemscope\" itemtype=\"http:\/\/schema.org\/ImageObject\"><img decoding=\"async\" class=\"post_layout_5_img\" src=\"http:\/\/aujourdhui.ma\/wp-content\/uploads\/2020\/09\/Chakib-Alj-CGEM-2.jpg\" alt=\"F\u00eate du travail: La CGEM mobilis\u00e9e pour soutenir les entreprises et les salari\u00e9s\"\/><\/figure>\n<p><span class=\"c7\"><strong>La Conf\u00e9d\u00e9ration g\u00e9n\u00e9rale des entreprises du Maroc (CGEM) est mobilis\u00e9e pour soutenir les entreprises et les salari\u00e9s afin de d\u00e9passer la crise actuelle avec un minimum de d\u00e9g\u00e2ts, a affirm\u00e9, samedi \u00e0 l\u2019occasion de la f\u00eate du travail, le pr\u00e9sident du Patronat, Chakib Alj.<\/strong><\/span><span id=\"more-375419\"\/><\/p>\n<p>\u00ab\u00a0\u00c0 cette occasion, j\u2019aimerais r\u00e9it\u00e9rer la mobilisation de la CGEM pour accompagner les entreprises et les salari\u00e9s \u00e0 d\u00e9passer la crise actuelle avec un minimum de d\u00e9g\u00e2ts, tout en veillant \u00e0 l\u2019am\u00e9lioration de leurs situations pour le bien de notre pays\u00a0\u00bb, a dit M. Alj dans une d\u00e9claration \u00e0 la MAP. C\u00e9l\u00e9br\u00e9e chaque 1er mai, la f\u00eate du travail intervient cette ann\u00e9e dans un contexte sp\u00e9cial, a-t-il relev\u00e9, pr\u00e9cisant que d\u2019une part, elle co\u00efncide avec le d\u00e9marrage du chantier royal relatif \u00e0 la g\u00e9n\u00e9ralisation de la protection sociale et d\u2019autre part, avec le lancement du processus \u00e9lectoral des d\u00e9l\u00e9gu\u00e9s des salari\u00e9s.<\/p>\n<p>M.Alj a \u00e9galement rappel\u00e9 l\u2019importance du dialogue social tripartite comme levier essentiel pour traiter, dans la concertation, les sujets li\u00e9s \u00e0 la situation \u00e9conomique et sociale en faveur d\u2019un climat social apais\u00e9 et emprunt de confiance. L\u2019\u00e9lection des d\u00e9l\u00e9gu\u00e9s des salari\u00e9s se d\u00e9roulera du 10 au 20 juin 2021 et ce, comme indiqu\u00e9 par un arr\u00eat\u00e9 du ministre du Travail et de l\u2019Insertion professionnelle, publi\u00e9 le 06 avril au Bulletin Officiel (BO). Ces \u00e9lections rev\u00eatent un caract\u00e8re crucial pour la d\u00e9termination de la repr\u00e9sentation syndicale, avec les droits consultatifs et repr\u00e9sentatifs qui en d\u00e9coulent, les attributions accord\u00e9es aux d\u00e9l\u00e9gu\u00e9s des salari\u00e9s et aux organisations syndicales les plus repr\u00e9sentatives.<\/p>\n<\/div>\n<p>Auteur: ALM<br \/>\n<a href=\"https:\/\/aujourdhui.ma\/actualite\/fete-du-travail-la-cgem-mobilisee-pour-soutenir-les-entreprises-et-les-salaries\">Cliquez ici pour lire l&rsquo;article depuis sa source.<\/a><\/p>\n","protected":false},"excerpt":{"rendered":"<p>La Conf\u00e9d\u00e9ration g\u00e9n\u00e9rale des entreprises du Maroc (CGEM) est mobilis\u00e9e pour soutenir les entreprises et les salari\u00e9s afin de d\u00e9passer la crise actuelle avec un minimum de d\u00e9g\u00e2ts, a affirm\u00e9, samedi \u00e0 l\u2019occasion de la f\u00eate du travail, le pr\u00e9sident du Patronat, Chakib Alj. \u00ab\u00a0\u00c0 cette occasion, j\u2019aimerais r\u00e9it\u00e9rer la mobilisation de la CGEM pour [&hellip;]<\/p>\n","protected":false},"author":1759,"featured_media":0,"comment_status":"closed","ping_status":"closed","sticky":false,"template":"","format":"standard","meta":{"fifu_image_url":"http:\/\/aujourdhui.ma\/wp-content\/uploads\/2020\/09\/Chakib-Alj-CGEM-2.jpg","fifu_image_alt":"F\u00eate du travail: La CGEM mobilis\u00e9e pour soutenir les entreprises et les salari\u00e9s","footnotes":""},"categories":[73,54],"tags":[],"class_list":["post-115927","post","type-post","status-publish","format-standard","hentry","category-actualite","category-maroc"],"_links":{"self":[{"href":"https:\/\/linitiative.ca\/International\/wp-json\/wp\/v2\/posts\/115927","targetHints":{"allow":["GET"]}}],"collection":[{"href":"https:\/\/linitiative.ca\/International\/wp-json\/wp\/v2\/posts"}],"about":[{"href":"https:\/\/linitiative.ca\/International\/wp-json\/wp\/v2\/types\/post"}],"author":[{"embeddable":true,"href":"https:\/\/linitiative.ca\/International\/wp-json\/wp\/v2\/users\/1759"}],"replies":[{"embeddable":true,"href":"https:\/\/linitiative.ca\/International\/wp-json\/wp\/v2\/comments?post=115927"}],"version-history":[{"count":0,"href":"https:\/\/linitiative.ca\/International\/wp-json\/wp\/v2\/posts\/115927\/revisions"}],"wp:attachment":[{"href":"https:\/\/linitiative.ca\/International\/wp-json\/wp\/v2\/media?parent=115927"}],"wp:term":[{"taxonomy":"category","embeddable":true,"href":"https:\/\/linitiative.ca\/International\/wp-json\/wp\/v2\/categories?post=115927"},{"taxonomy":"post_tag","embeddable":true,"href":"https:\/\/linitiative.ca\/International\/wp-json\/wp\/v2\/tags?post=115927"}],"curies":[{"name":"wp","href":"https:\/\/api.w.org\/{rel}","templated":true}]}}