{"id":115928,"date":"2021-05-01T10:26:51","date_gmt":"2021-05-01T14:26:51","guid":{"rendered":"https:\/\/linitiative.ca\/International\/selon-un-media-us-biden-maintiendra-la-reconnaissance-de-la-marocanite-du-sahara\/"},"modified":"2021-05-01T10:26:51","modified_gmt":"2021-05-01T14:26:51","slug":"selon-un-media-us-biden-maintiendra-la-reconnaissance-de-la-marocanite-du-sahara","status":"publish","type":"post","link":"https:\/\/linitiative.ca\/International\/selon-un-media-us-biden-maintiendra-la-reconnaissance-de-la-marocanite-du-sahara\/","title":{"rendered":"Selon un media US, Biden maintiendra la reconnaissance de la marocanit\u00e9 du Sahara"},"content":{"rendered":"<header>\n<\/header>\n<div class=\"entry-content clearfix\" readability=\"53\">\n<figure class=\"post-thumbnail\" itemprop=\"associatedMedia\" itemscope=\"itemscope\" itemtype=\"http:\/\/schema.org\/ImageObject\"><img decoding=\"async\" class=\"post_layout_5_img\" src=\"https:\/\/aujourdhui.ma\/wp-content\/uploads\/2021\/04\/Joe-Biden.jpg\" alt=\"Selon un media US, Biden maintiendra la reconnaissance de la marocanit\u00e9 du Sahara\"\/><\/figure>\n<p><span class=\"c7\"><strong>Joe Biden n\u2019a aucunement l\u2019intention de revenir sur la d\u00e9cision de son pr\u00e9d\u00e9cesseur concernant le Sahara marocain.<\/strong><\/span><span id=\"more-375421\"\/><\/p>\n<p>En effet, le site us d\u2019information Axios annonce que le secr\u00e9taire d\u2019\u00c9tat am\u00e9ricain, Antony Blinken, a rassur\u00e9 son homologue marocain, Nasser Bourita, au cours de leur dernier entretien t\u00e9l\u00e9phonique, au sujet des intentions de l\u2019administration du pr\u00e9sident Joe Biden. Ce dernier ne reviendra pas sur la reconnaissance des Etats-Unis de la souverainet\u00e9 du Maroc sur le Sahara, a rapport\u00e9 vendredi le site d\u2019information am\u00e9ricain, citant des sources bien inform\u00e9es. Si le compte-rendu du d\u00e9partement d\u2019\u00c9tat relatif \u00e0 l\u2019entretien t\u00e9l\u00e9phonique de Blinken avec Bourita n\u2019a pas mentionn\u00e9 la question du Sahara, Axios affirme que \u00abdeux sources bien inform\u00e9es de l\u2019appel confirment quu ce point a \u00e9t\u00e9 discut\u00e9 et que Blinken a dit que \u00ab\u00a0l\u2019administration Biden ne reviendrait pas\u00a0\u00bb sur cette d\u00e9cision.<\/p>\n<p>Et d\u2019ajouter que de hauts responsables de la Maison Blanche et du D\u00e9partement d\u2019\u00c9tat ont eu de multiples discussions sur cette question au cours des derni\u00e8res semaines.<\/p>\n<p>Il faut pr\u00e9ciser que le D\u00e9partement d\u2019\u00c9tat n\u2019a pas d\u00e9menti les informations r\u00e9v\u00e9l\u00e9es par le M\u00e9dia US.<\/p>\n<\/div>\n<p>Auteur: ALM<br \/>\n<a href=\"https:\/\/aujourdhui.ma\/politique\/selon-un-media-us-biden-maintiendra-la-reconnaissance-de-la-marocanite-du-sahara\">Cliquez ici pour lire l&rsquo;article depuis sa source.<\/a><\/p>\n","protected":false},"excerpt":{"rendered":"<p>Joe Biden n\u2019a aucunement l\u2019intention de revenir sur la d\u00e9cision de son pr\u00e9d\u00e9cesseur concernant le Sahara marocain. En effet, le site us d\u2019information Axios annonce que le secr\u00e9taire d\u2019\u00c9tat am\u00e9ricain, Antony Blinken, a rassur\u00e9 son homologue marocain, Nasser Bourita, au cours de leur dernier entretien t\u00e9l\u00e9phonique, au sujet des intentions de l\u2019administration du pr\u00e9sident Joe [&hellip;]<\/p>\n","protected":false},"author":1759,"featured_media":0,"comment_status":"closed","ping_status":"closed","sticky":false,"template":"","format":"standard","meta":{"fifu_image_url":"https:\/\/aujourdhui.ma\/wp-content\/uploads\/2021\/04\/Joe-Biden.jpg","fifu_image_alt":"Selon un media US, Biden maintiendra la reconnaissance de la marocanit\u00e9 du Sahara","footnotes":""},"categories":[73,54],"tags":[],"class_list":["post-115928","post","type-post","status-publish","format-standard","hentry","category-actualite","category-maroc"],"_links":{"self":[{"href":"https:\/\/linitiative.ca\/International\/wp-json\/wp\/v2\/posts\/115928","targetHints":{"allow":["GET"]}}],"collection":[{"href":"https:\/\/linitiative.ca\/International\/wp-json\/wp\/v2\/posts"}],"about":[{"href":"https:\/\/linitiative.ca\/International\/wp-json\/wp\/v2\/types\/post"}],"author":[{"embeddable":true,"href":"https:\/\/linitiative.ca\/International\/wp-json\/wp\/v2\/users\/1759"}],"replies":[{"embeddable":true,"href":"https:\/\/linitiative.ca\/International\/wp-json\/wp\/v2\/comments?post=115928"}],"version-history":[{"count":0,"href":"https:\/\/linitiative.ca\/International\/wp-json\/wp\/v2\/posts\/115928\/revisions"}],"wp:attachment":[{"href":"https:\/\/linitiative.ca\/International\/wp-json\/wp\/v2\/media?parent=115928"}],"wp:term":[{"taxonomy":"category","embeddable":true,"href":"https:\/\/linitiative.ca\/International\/wp-json\/wp\/v2\/categories?post=115928"},{"taxonomy":"post_tag","embeddable":true,"href":"https:\/\/linitiative.ca\/International\/wp-json\/wp\/v2\/tags?post=115928"}],"curies":[{"name":"wp","href":"https:\/\/api.w.org\/{rel}","templated":true}]}}