{"id":115929,"date":"2021-05-01T11:00:00","date_gmt":"2021-05-01T15:00:00","guid":{"rendered":"https:\/\/linitiative.ca\/International\/taza-un-conflit-autour-des-frontieres-de-deux-champs-dagriculture-finit-dans-le-sang\/"},"modified":"2021-05-01T11:00:00","modified_gmt":"2021-05-01T15:00:00","slug":"taza-un-conflit-autour-des-frontieres-de-deux-champs-dagriculture-finit-dans-le-sang","status":"publish","type":"post","link":"https:\/\/linitiative.ca\/International\/taza-un-conflit-autour-des-frontieres-de-deux-champs-dagriculture-finit-dans-le-sang\/","title":{"rendered":"Taza : Un conflit autour des fronti\u00e8res de  deux champs d\u2019agriculture finit dans le sang"},"content":{"rendered":"<header>\n<\/header>\n<div class=\"entry-content clearfix\" readability=\"54\">\n<figure class=\"post-thumbnail\" itemprop=\"associatedMedia\" itemscope=\"itemscope\" itemtype=\"http:\/\/schema.org\/ImageObject\"><img decoding=\"async\" class=\"post_layout_5_img\" src=\"http:\/\/aujourdhui.ma\/wp-content\/uploads\/2016\/08\/Meurtre-Couteau-Crime-Sang.jpg\" alt=\"Taza : Un conflit autour des fronti\u00e8res de deux champs d\u2019agriculture finit dans le sang\"\/><\/figure>\n<p><strong>A Taza, un p\u00e8re de famille a mis fin \u00e0 la vie de son beau-fr\u00e8re en lui ass\u00e9nant des coups de couteau.<\/strong><span id=\"more-375373\"\/><\/p>\n<p>Le mis en cause, qui a \u00e9t\u00e9 arr\u00eat\u00e9 par les \u00e9l\u00e9ments de la police judiciaire de la ville, doit \u00eatre traduit ce vendredi 30 avril, devant le parquet g\u00e9n\u00e9ral pr\u00e8s la Cour d\u2019appel de Taza. Le mobile du crime, qui a eu lieu au douar Hajjar, \u00e9tait un malentendu, portant sur les fronti\u00e8res de leurs terres adjacentes, qui remonte \u00e0 belle lurette. En effet, ils se sont rencontr\u00e9s, mardi 27 avril, pour tenter d\u2019arriver \u00e0 une solution convenable. Mais en vain. Pire encore, puisqu\u2019ils ont commenc\u00e9 \u00e0 s\u2019\u00e9changer des injures pour que l\u2019un d\u2019eux se retourne chez lui, laissant derri\u00e8re lui l\u2019\u00e9poux de sa s\u0153ur avant de le rejoindre, une fois encore, arm\u00e9 d\u2019un couteau. Sans trop penser, il a fini par lui ass\u00e9ner deux coups au niveau de la poitrine. Le mis en cause a touch\u00e9 \u00e9galement par son arme blanche d\u2019autres voisins qui ont essay\u00e9 de l\u2019emp\u00eacher de commettre l\u2019irr\u00e9parable. Ils ont \u00e9t\u00e9 \u00e9vacu\u00e9s vers le service des urgences pour \u00eatre soign\u00e9s. Alors que le cadavre de son beau-fr\u00e8re a \u00e9t\u00e9 conduit \u00e0 la morgue.<\/p>\n<\/div>\n<p>Auteur: Abderrafii ALOUMLIKI<br \/>\n<a href=\"https:\/\/aujourdhui.ma\/faits-divers\/taza-un-conflit-autour-des-frontieres-de-deux-champs-dagriculture-finit-dans-le-sang\">Cliquez ici pour lire l&rsquo;article depuis sa source.<\/a><\/p>\n","protected":false},"excerpt":{"rendered":"<p>A Taza, un p\u00e8re de famille a mis fin \u00e0 la vie de son beau-fr\u00e8re en lui ass\u00e9nant des coups de couteau. Le mis en cause, qui a \u00e9t\u00e9 arr\u00eat\u00e9 par les \u00e9l\u00e9ments de la police judiciaire de la ville, doit \u00eatre traduit ce vendredi 30 avril, devant le parquet g\u00e9n\u00e9ral pr\u00e8s la Cour d\u2019appel [&hellip;]<\/p>\n","protected":false},"author":1759,"featured_media":0,"comment_status":"closed","ping_status":"closed","sticky":false,"template":"","format":"standard","meta":{"fifu_image_url":"http:\/\/aujourdhui.ma\/wp-content\/uploads\/2016\/08\/Meurtre-Couteau-Crime-Sang.jpg","fifu_image_alt":"Taza : Un conflit autour des fronti\u00e8res de  deux champs d\u2019agriculture finit dans le sang","footnotes":""},"categories":[73,54],"tags":[],"class_list":["post-115929","post","type-post","status-publish","format-standard","hentry","category-actualite","category-maroc"],"_links":{"self":[{"href":"https:\/\/linitiative.ca\/International\/wp-json\/wp\/v2\/posts\/115929","targetHints":{"allow":["GET"]}}],"collection":[{"href":"https:\/\/linitiative.ca\/International\/wp-json\/wp\/v2\/posts"}],"about":[{"href":"https:\/\/linitiative.ca\/International\/wp-json\/wp\/v2\/types\/post"}],"author":[{"embeddable":true,"href":"https:\/\/linitiative.ca\/International\/wp-json\/wp\/v2\/users\/1759"}],"replies":[{"embeddable":true,"href":"https:\/\/linitiative.ca\/International\/wp-json\/wp\/v2\/comments?post=115929"}],"version-history":[{"count":0,"href":"https:\/\/linitiative.ca\/International\/wp-json\/wp\/v2\/posts\/115929\/revisions"}],"wp:attachment":[{"href":"https:\/\/linitiative.ca\/International\/wp-json\/wp\/v2\/media?parent=115929"}],"wp:term":[{"taxonomy":"category","embeddable":true,"href":"https:\/\/linitiative.ca\/International\/wp-json\/wp\/v2\/categories?post=115929"},{"taxonomy":"post_tag","embeddable":true,"href":"https:\/\/linitiative.ca\/International\/wp-json\/wp\/v2\/tags?post=115929"}],"curies":[{"name":"wp","href":"https:\/\/api.w.org\/{rel}","templated":true}]}}