{"id":115932,"date":"2021-04-30T13:00:00","date_gmt":"2021-04-30T17:00:00","guid":{"rendered":"https:\/\/linitiative.ca\/International\/les-manifestants-rendent-hommage-a-me-ali-yahia-abdenour\/"},"modified":"2021-04-30T13:00:00","modified_gmt":"2021-04-30T17:00:00","slug":"les-manifestants-rendent-hommage-a-me-ali-yahia-abdenour","status":"publish","type":"post","link":"https:\/\/linitiative.ca\/International\/les-manifestants-rendent-hommage-a-me-ali-yahia-abdenour\/","title":{"rendered":"Les manifestants rendent hommage \u00e0 Me Ali Yahia Abdenour"},"content":{"rendered":"<div id=\"originalText\" readability=\"54\">\n<p class=\"c6\">Comme chaque vendredi, de nombreux manifestants ont sillonn\u00e9 les rues d\u2019Alger-Centre en scandant le slogan phare du hirak\u00a0: \u00ab\u00a0Dawla madania machi a\u00e2skaria\u00a0\u00bb.\u00a0Les manifestants n\u2019ont, \u00e9galement, pas manqu\u00e9 de saluer la m\u00e9moire du Me. Ali Yahia Abdenour, d\u00e9c\u00e9d\u00e9 le 25 avril.<\/p>\n<p class=\"c6\">Ainsi, plusieurs cort\u00e8ges se sont form\u00e9s en d\u00e9but d\u2019apr\u00e8s-midi \u00e0 Bab El Oued, et la Rue Hassiba pour rejoindre le centre. Pancartes et banderoles en mains, les manifestants ont appel\u00e9 \u00e0 la lib\u00e9ration des d\u00e9tenus, tout en exigeant de \u00ab\u00a0remettre Sa\u00efd Chetouane \u00e0 sa maman\u00a0\u00bb. Ils ont exprim\u00e9 par la m\u00eame occasion leur opposition \u00e0 la tenue des \u00e9lections l\u00e9gislatives pr\u00e9vues en juin.<\/p>\n<p class=\"c6\">Les forces de l\u2019ordre \u00e9taient aussi tr\u00e8s imposants en ce 115e vendredi, en positionnant leurs camions \u00e0 proximit\u00e9 des principales rues du centre-ville (rue Didouche Mourad, Boulevard Amirouche, Place de la Grande-Poste\u2026etc).<\/p>\n<p class=\"c7\"><strong>Im\u00e8ne AMOKRANE<\/strong><\/p>\n<\/div>\n<div id=\"text_core\" readability=\"54\">\n<p class=\"c6\">Comme chaque vendredi, de nombreux manifestants ont sillonn\u00e9 les rues d\u2019Alger-Centre en scandant le slogan phare du hirak\u00a0: \u00ab\u00a0Dawla madania machi a\u00e2skaria\u00a0\u00bb.\u00a0Les manifestants n\u2019ont, \u00e9galement, pas manqu\u00e9 de saluer la m\u00e9moire du Me. Ali Yahia Abdenour, d\u00e9c\u00e9d\u00e9 le 25 avril.<\/p>\n<p class=\"c6\">Ainsi, plusieurs cort\u00e8ges se sont form\u00e9s en d\u00e9but d\u2019apr\u00e8s-midi \u00e0 Bab El Oued, et la Rue Hassiba pour rejoindre le centre. Pancartes et banderoles en mains, les manifestants ont appel\u00e9 \u00e0 la lib\u00e9ration des d\u00e9tenus, tout en exigeant de \u00ab\u00a0remettre Sa\u00efd Chetouane \u00e0 sa maman\u00a0\u00bb. Ils ont exprim\u00e9 par la m\u00eame occasion leur opposition \u00e0 la tenue des \u00e9lections l\u00e9gislatives pr\u00e9vues en juin.<\/p>\n<p class=\"c6\">Les forces de l\u2019ordre \u00e9taient aussi tr\u00e8s imposants en ce 115e vendredi, en positionnant leurs camions \u00e0 proximit\u00e9 des principales rues du centre-ville (rue Didouche Mourad, Boulevard Amirouche, Place de la Grande-Poste\u2026etc).<\/p>\n<p class=\"c7\"><strong>Im\u00e8ne AMOKRANE<\/strong><\/p>\n<\/div>\n<p>Auteur:<br \/>\n<a href=\"https:\/\/www.liberte-algerie.com\/actualite\/les-manifestants-rendent-hommage-a-me-ali-yahia-abdenour-358040\">Cliquez ici pour lire l&rsquo;article depuis sa source.<\/a><\/p>\n","protected":false},"excerpt":{"rendered":"<p>Comme chaque vendredi, de nombreux manifestants ont sillonn\u00e9 les rues d\u2019Alger-Centre en scandant le slogan phare du hirak\u00a0: \u00ab\u00a0Dawla madania machi a\u00e2skaria\u00a0\u00bb.\u00a0Les manifestants n\u2019ont, \u00e9galement, pas manqu\u00e9 de saluer la m\u00e9moire du Me. Ali Yahia Abdenour, d\u00e9c\u00e9d\u00e9 le 25 avril. Ainsi, plusieurs cort\u00e8ges se sont form\u00e9s en d\u00e9but d\u2019apr\u00e8s-midi \u00e0 Bab El Oued, et la [&hellip;]<\/p>\n","protected":false},"author":1742,"featured_media":0,"comment_status":"closed","ping_status":"closed","sticky":false,"template":"","format":"standard","meta":{"fifu_image_url":"","fifu_image_alt":"","footnotes":""},"categories":[73,53],"tags":[],"class_list":["post-115932","post","type-post","status-publish","format-standard","hentry","category-actualite","category-algerie"],"_links":{"self":[{"href":"https:\/\/linitiative.ca\/International\/wp-json\/wp\/v2\/posts\/115932","targetHints":{"allow":["GET"]}}],"collection":[{"href":"https:\/\/linitiative.ca\/International\/wp-json\/wp\/v2\/posts"}],"about":[{"href":"https:\/\/linitiative.ca\/International\/wp-json\/wp\/v2\/types\/post"}],"author":[{"embeddable":true,"href":"https:\/\/linitiative.ca\/International\/wp-json\/wp\/v2\/users\/1742"}],"replies":[{"embeddable":true,"href":"https:\/\/linitiative.ca\/International\/wp-json\/wp\/v2\/comments?post=115932"}],"version-history":[{"count":0,"href":"https:\/\/linitiative.ca\/International\/wp-json\/wp\/v2\/posts\/115932\/revisions"}],"wp:attachment":[{"href":"https:\/\/linitiative.ca\/International\/wp-json\/wp\/v2\/media?parent=115932"}],"wp:term":[{"taxonomy":"category","embeddable":true,"href":"https:\/\/linitiative.ca\/International\/wp-json\/wp\/v2\/categories?post=115932"},{"taxonomy":"post_tag","embeddable":true,"href":"https:\/\/linitiative.ca\/International\/wp-json\/wp\/v2\/tags?post=115932"}],"curies":[{"name":"wp","href":"https:\/\/api.w.org\/{rel}","templated":true}]}}