{"id":115937,"date":"2021-05-01T09:57:44","date_gmt":"2021-05-01T13:57:44","guid":{"rendered":"https:\/\/linitiative.ca\/International\/rencontre-a-jerada-sur-la-simplification-des-procedures-administratives\/"},"modified":"2021-05-01T09:57:44","modified_gmt":"2021-05-01T13:57:44","slug":"rencontre-a-jerada-sur-la-simplification-des-procedures-administratives","status":"publish","type":"post","link":"https:\/\/linitiative.ca\/International\/rencontre-a-jerada-sur-la-simplification-des-procedures-administratives\/","title":{"rendered":"Rencontre \u00e0 Jerada sur la simplification des proc\u00e9dures administratives"},"content":{"rendered":"<p class=\"c4\">Les nouveaut\u00e9s de la Loi 55-19 relative \u00e0 la simplification des proc\u00e9dures et formalit\u00e9s administratives ont \u00e9t\u00e9 au centre d\u2019une rencontre de communication tenue, vendredi, \u00e0 Jerada.<\/p>\n<p class=\"c4\">Pr\u00e9sid\u00e9e par le gouverneur de la province de Jerada, Mabrouk Tabet, la r\u00e9union s\u2019est d\u00e9roul\u00e9e en pr\u00e9sence notamment du pr\u00e9sident du conseil provincial, des pr\u00e9sidents des collectivit\u00e9s territoriales de la province, des chefs des services ext\u00e9rieurs et de repr\u00e9sentants des chambres professionnelles et d\u2019associations de la soci\u00e9t\u00e9 civile.<\/p>\n<p class=\"c4\">M. Tabet a soulign\u00e9 \u00e0 cette occasion que cette loi englobe une s\u00e9rie de proc\u00e9dures qui rentrent dans le sillage du chantier de r\u00e9forme de l\u2019administration auquel SM le Roi Mohammed VI accorde une grande importance, notant que ces proc\u00e9dures visent \u00e0 instaurer une nouvelle relation entre l\u2019administration et le citoyen fond\u00e9e sur la confiance et la transparence dans le cadre de l\u2019Etat de droit.<\/p>\n<p class=\"c4\">S\u2019agissant de l\u2019op\u00e9rationnalisation des dispositions de cette loi, il a rappel\u00e9 le lancement d\u2019un Portail national des proc\u00e9dures et des formalit\u00e9s administratives \u00abIdarati\u00bb, qui se veut une interface d\u2019information unifi\u00e9e, int\u00e9gr\u00e9e et multi-espaces, qui met les informations administratives \u00e0 la disposition de l\u2019usager.<\/p>\n<p class=\"c4\">Et d\u2019expliquer que ce Portail offre un espace d\u2019information qui permet aux usagers de consulter les proc\u00e9dures et formalit\u00e9s administratives, ainsi qu\u2019un espace r\u00e9serv\u00e9 aux administrations leur permettant l\u2019\u00e9laboration de projets de d\u00e9cisions administratives et la proposition de leur mise \u00e0 jour, si n\u00e9cessaire, de mani\u00e8re \u00e9lectronique, conform\u00e9ment \u00e0 des r\u00e8glements qui seront d\u00e9termin\u00e9s ult\u00e9rieurement, notant dans ce sens la cr\u00e9ation d\u2019une adresse \u00e9lectronique pour une meilleure communication \u00e0 cet effet.<\/p>\n<p class=\"c4\">En outre, le gouverneur a appel\u00e9 les pr\u00e9sidents des collectivit\u00e9s territoriales et les responsables des services ext\u00e9rieurs \u00e0 ne man\u00e9ger aucun effort pour la r\u00e9ussite de ce chantier national de grande envergure qui va constituer, sans nul doute, un tournant important pour rapprocher l\u2019administration des usagers et \u00e9tablir une nouvelle relation bas\u00e9e sur la confiance, la transparence et la bonne gouvernance.<\/p>\n<p>Auteur: Soufiane ELAHMAR<br \/>\n<a href=\"http:\/\/www.mapoujda.ma\/fr\/rencontre-a-jerada-sur-la-simplification-des-procedures-administratives\/\">Cliquez ici pour lire l&rsquo;article depuis sa source.<\/a><\/p>\n","protected":false},"excerpt":{"rendered":"<p>Les nouveaut\u00e9s de la Loi 55-19 relative \u00e0 la simplification des proc\u00e9dures et formalit\u00e9s administratives ont \u00e9t\u00e9 au centre d\u2019une rencontre de communication tenue, vendredi, \u00e0 Jerada. Pr\u00e9sid\u00e9e par le gouverneur de la province de Jerada, Mabrouk Tabet, la r\u00e9union s\u2019est d\u00e9roul\u00e9e en pr\u00e9sence notamment du pr\u00e9sident du conseil provincial, des pr\u00e9sidents des collectivit\u00e9s territoriales [&hellip;]<\/p>\n","protected":false},"author":1788,"featured_media":0,"comment_status":"closed","ping_status":"closed","sticky":false,"template":"","format":"standard","meta":{"fifu_image_url":"","fifu_image_alt":"","footnotes":""},"categories":[54,76],"tags":[],"class_list":["post-115937","post","type-post","status-publish","format-standard","hentry","category-maroc","category-regions"],"_links":{"self":[{"href":"https:\/\/linitiative.ca\/International\/wp-json\/wp\/v2\/posts\/115937","targetHints":{"allow":["GET"]}}],"collection":[{"href":"https:\/\/linitiative.ca\/International\/wp-json\/wp\/v2\/posts"}],"about":[{"href":"https:\/\/linitiative.ca\/International\/wp-json\/wp\/v2\/types\/post"}],"author":[{"embeddable":true,"href":"https:\/\/linitiative.ca\/International\/wp-json\/wp\/v2\/users\/1788"}],"replies":[{"embeddable":true,"href":"https:\/\/linitiative.ca\/International\/wp-json\/wp\/v2\/comments?post=115937"}],"version-history":[{"count":0,"href":"https:\/\/linitiative.ca\/International\/wp-json\/wp\/v2\/posts\/115937\/revisions"}],"wp:attachment":[{"href":"https:\/\/linitiative.ca\/International\/wp-json\/wp\/v2\/media?parent=115937"}],"wp:term":[{"taxonomy":"category","embeddable":true,"href":"https:\/\/linitiative.ca\/International\/wp-json\/wp\/v2\/categories?post=115937"},{"taxonomy":"post_tag","embeddable":true,"href":"https:\/\/linitiative.ca\/International\/wp-json\/wp\/v2\/tags?post=115937"}],"curies":[{"name":"wp","href":"https:\/\/api.w.org\/{rel}","templated":true}]}}