{"id":115939,"date":"2021-05-01T06:50:27","date_gmt":"2021-05-01T10:50:27","guid":{"rendered":"https:\/\/linitiative.ca\/International\/designation-de-belbachir-a-la-tete-de-la-societe-rabat-amenagement\/"},"modified":"2021-05-01T06:50:27","modified_gmt":"2021-05-01T10:50:27","slug":"designation-de-belbachir-a-la-tete-de-la-societe-rabat-amenagement","status":"publish","type":"post","link":"https:\/\/linitiative.ca\/International\/designation-de-belbachir-a-la-tete-de-la-societe-rabat-amenagement\/","title":{"rendered":"D\u00e9signation de Belbachir \u00e0 la t\u00eate de la soci\u00e9t\u00e9 Rabat am\u00e9nagement"},"content":{"rendered":"<p class=\"rtejustify\">La soci\u00e9t\u00e9 Rabat r\u00e9gion am\u00e9nagement a un nouveau directeur g\u00e9n\u00e9ral. Il s\u2019agit de Mohammed Belbachir qui occupait directeur de l\u2019agence urbaine d\u2019Essaouira.<\/p>\n<p class=\"rtejustify\">La nomination a \u00e9t\u00e9 ent\u00e9rin\u00e9e lors de la r\u00e9union du conseil d\u2019administration de la soci\u00e9t\u00e9 tenue ce matin. Cette nomination intervient apr\u00e8s le d\u00e9part de l\u2019ex-DG Abderrahim Ifrassen, qui selon certaines sources, aurait pr\u00e9sent\u00e9 sa d\u00e9mission suite \u00e0 un malentendu avec Mohamed Yakoubi, wali de la r\u00e9gion Rabat-Sal\u00e9-K\u00e9nitra qui est \u00e9galement pr\u00e9sident du conseil d\u2019administration de la soci\u00e9t\u00e9 Rabat r\u00e9gion am\u00e9nagement.<\/p>\n<p class=\"rtejustify\"><em>N.E.A.<\/em><\/p>\n<p class=\"rtejustify\">\u00a0<\/p>\n<p>Auteur: mbasraoui<br \/>\n<a href=\"https:\/\/www.leconomiste.com\/flash-infos\/designation-de-belbachir-la-tete-de-la-societe-rabat-amenagement\">Cliquez ici pour lire l&rsquo;article depuis sa source.<\/a><\/p>\n","protected":false},"excerpt":{"rendered":"<p>La soci\u00e9t\u00e9 Rabat r\u00e9gion am\u00e9nagement a un nouveau directeur g\u00e9n\u00e9ral. Il s\u2019agit de Mohammed Belbachir qui occupait directeur de l\u2019agence urbaine d\u2019Essaouira. La nomination a \u00e9t\u00e9 ent\u00e9rin\u00e9e lors de la r\u00e9union du conseil d\u2019administration de la soci\u00e9t\u00e9 tenue ce matin. Cette nomination intervient apr\u00e8s le d\u00e9part de l\u2019ex-DG Abderrahim Ifrassen, qui selon certaines sources, aurait [&hellip;]<\/p>\n","protected":false},"author":1763,"featured_media":0,"comment_status":"closed","ping_status":"closed","sticky":false,"template":"","format":"standard","meta":{"fifu_image_url":"","fifu_image_alt":"","footnotes":""},"categories":[78,54],"tags":[],"class_list":["post-115939","post","type-post","status-publish","format-standard","hentry","category-economie","category-maroc"],"_links":{"self":[{"href":"https:\/\/linitiative.ca\/International\/wp-json\/wp\/v2\/posts\/115939","targetHints":{"allow":["GET"]}}],"collection":[{"href":"https:\/\/linitiative.ca\/International\/wp-json\/wp\/v2\/posts"}],"about":[{"href":"https:\/\/linitiative.ca\/International\/wp-json\/wp\/v2\/types\/post"}],"author":[{"embeddable":true,"href":"https:\/\/linitiative.ca\/International\/wp-json\/wp\/v2\/users\/1763"}],"replies":[{"embeddable":true,"href":"https:\/\/linitiative.ca\/International\/wp-json\/wp\/v2\/comments?post=115939"}],"version-history":[{"count":0,"href":"https:\/\/linitiative.ca\/International\/wp-json\/wp\/v2\/posts\/115939\/revisions"}],"wp:attachment":[{"href":"https:\/\/linitiative.ca\/International\/wp-json\/wp\/v2\/media?parent=115939"}],"wp:term":[{"taxonomy":"category","embeddable":true,"href":"https:\/\/linitiative.ca\/International\/wp-json\/wp\/v2\/categories?post=115939"},{"taxonomy":"post_tag","embeddable":true,"href":"https:\/\/linitiative.ca\/International\/wp-json\/wp\/v2\/tags?post=115939"}],"curies":[{"name":"wp","href":"https:\/\/api.w.org\/{rel}","templated":true}]}}