{"id":115941,"date":"2021-05-01T08:20:43","date_gmt":"2021-05-01T12:20:43","guid":{"rendered":"https:\/\/linitiative.ca\/International\/biden-ne-reviendra-pas-sur-la-reconnaissance-americaine-de-la-marocanite-du-sahara\/"},"modified":"2021-05-01T08:20:43","modified_gmt":"2021-05-01T12:20:43","slug":"biden-ne-reviendra-pas-sur-la-reconnaissance-americaine-de-la-marocanite-du-sahara","status":"publish","type":"post","link":"https:\/\/linitiative.ca\/International\/biden-ne-reviendra-pas-sur-la-reconnaissance-americaine-de-la-marocanite-du-sahara\/","title":{"rendered":"Biden ne reviendra pas sur la reconnaissance am\u00e9ricaine de la marocanit\u00e9 du Sahara"},"content":{"rendered":"<p class=\"rtejustify\">L&rsquo;administration du pr\u00e9sident Joe Biden ne reviendra pas sur la reconnaissance des Etats-Unis de la souverainet\u00e9 du Maroc sur le Sahara, a rapport\u00e9 vendredi le site d\u2019information am\u00e9ricain Axios, citant des sources bien inform\u00e9es.<\/p>\n<p class=\"rtejustify\">Le secr\u00e9taire d&rsquo;\u00c9tat am\u00e9ricain Antony Blinken a affirm\u00e9 au ministre des Affaires \u00e9trang\u00e8res, de la Coop\u00e9ration africaine et des Marocains r\u00e9sidant \u00e0 l&rsquo;\u00e9tranger, Nasser Bourita, lors de leur appel t\u00e9l\u00e9phonique ce vendredi, que l&rsquo;administration Biden ne reviendrait pas sur cette reconnaissance consign\u00e9e dans la Proclamation sign\u00e9e en d\u00e9cembre dernier par le pr\u00e9sident Trump, a r\u00e9v\u00e9l\u00e9 \u00ab\u00a0Axios\u00a0\u00bb. Selon le m\u00e9dia am\u00e9ricain, le compte-rendu du d\u00e9partement d&rsquo;\u00c9tat relatif \u00e0 l&rsquo;entretien t\u00e9l\u00e9phonique de M. Blinken avec M. Bourita n&rsquo;a pas mentionn\u00e9 la question du Sahara, mais \u00ab\u00a0deux sources bien inform\u00e9es de l&rsquo;appel confirment qu&rsquo;elle a \u00e9t\u00e9 discut\u00e9e et que Blinken a dit que l&rsquo;administration Biden ne reviendrait pas\u00a0\u00bb sur cette d\u00e9cision.<\/p>\n<p class=\"rtejustify\">Et d&rsquo;ajouter que de hauts responsables de la Maison Blanche et du D\u00e9partement d&rsquo;\u00c9tat ont eu de multiples discussions sur cette question au cours des derni\u00e8res semaines. Selon l&rsquo;auteur de l&rsquo;article, tr\u00e8s au fait de la politique \u00e9trang\u00e8re am\u00e9ricaine, la d\u00e9cision qui a sorti de ces discussions est que les Etats-Unis \u00ab\u00a0ne vont pas revenir\u00a0\u00bb sur la Proclamation confirmant la marocanit\u00e9 du Sahara, tout en \u0153uvrant pour la nomination d&rsquo;un nouvel envoy\u00e9 de l&rsquo;ONU pour le Sahara et la reprise du processus politique en vue d&rsquo;une issue d\u00e9finitive sur la base de l&rsquo;initiative marocaine d&rsquo;autonomie. Au cours de l\u2019entretien entre MM. Blinken et Bourita, le Secr\u00e9taire d\u2019Etat am\u00e9ricain a mis en avant le \u00ab\u00a0partenariat strat\u00e9gique de longue date\u00a0\u00bb unissant le Maroc et les Etats-Unis\u00a0\u00bb, se f\u00e9licitant de \u00ab\u00a0la relation bilat\u00e9rale de longue date et mutuellement avantageuse fond\u00e9e sur des valeurs et des int\u00e9r\u00eats communs en mati\u00e8re de paix, de s\u00e9curit\u00e9 et de prosp\u00e9rit\u00e9 r\u00e9gionales\u00a0\u00bb.<\/p>\n<p class=\"rtejustify\">\u00ab\u00a0Le Secr\u00e9taire d&rsquo;Etat et le Ministre (M. Bourita) ont discut\u00e9 des r\u00e9formes de grande envergure\u00a0\u00bb engag\u00e9es sous la conduite de SM le Roi Mohammed VI au cours des deux derni\u00e8res d\u00e9cennies, a indiqu\u00e9 le d\u00e9partement d\u2019\u00c9tat US dans un communiqu\u00e9. Au cours de ces discussions, le chef de la diplomatie am\u00e9ricaine a \u00ab\u00a0salu\u00e9 le leadership\u00a0\u00bb du Souverain dans la lutte contre le changement climatique et l\u2019investissement dans les \u00e9nergies renouvelables, tout en encourageant le Maroc \u00e0 \u00ab\u00a0aider \u00e0 promouvoir une croissance \u00e9conomique verte et le d\u00e9veloppement en Afrique\u00a0\u00bb.<\/p>\n<p class=\"rtejustify\">Les deux ministres ont ainsi discut\u00e9 \u00ab\u00a0des possibilit\u00e9s d\u2019accro\u00eetre la coop\u00e9ration en Afrique pour promouvoir la prosp\u00e9rit\u00e9 \u00e9conomique et la stabilit\u00e9\u00a0\u00bb. M. Blinken a soulign\u00e9 \u00e0 cet \u00e9gard \u00ab\u00a0le r\u00f4le cl\u00e9 du Maroc dans la promotion de la stabilit\u00e9 au Sahel et en Libye\u00a0\u00bb.<\/p>\n<p class=\"rtejustify\">\u00a0<\/p>\n<p>Auteur: mbasraoui<br \/>\n<a href=\"https:\/\/www.leconomiste.com\/flash-infos\/biden-ne-reviendra-pas-sur-la-reconnaissance-americaine-de-la-marocanite-du-sahara\">Cliquez ici pour lire l&rsquo;article depuis sa source.<\/a><\/p>\n","protected":false},"excerpt":{"rendered":"<p>L&rsquo;administration du pr\u00e9sident Joe Biden ne reviendra pas sur la reconnaissance des Etats-Unis de la souverainet\u00e9 du Maroc sur le Sahara, a rapport\u00e9 vendredi le site d\u2019information am\u00e9ricain Axios, citant des sources bien inform\u00e9es. Le secr\u00e9taire d&rsquo;\u00c9tat am\u00e9ricain Antony Blinken a affirm\u00e9 au ministre des Affaires \u00e9trang\u00e8res, de la Coop\u00e9ration africaine et des Marocains r\u00e9sidant [&hellip;]<\/p>\n","protected":false},"author":1763,"featured_media":0,"comment_status":"closed","ping_status":"closed","sticky":false,"template":"","format":"standard","meta":{"fifu_image_url":"","fifu_image_alt":"","footnotes":""},"categories":[78,54],"tags":[],"class_list":["post-115941","post","type-post","status-publish","format-standard","hentry","category-economie","category-maroc"],"_links":{"self":[{"href":"https:\/\/linitiative.ca\/International\/wp-json\/wp\/v2\/posts\/115941","targetHints":{"allow":["GET"]}}],"collection":[{"href":"https:\/\/linitiative.ca\/International\/wp-json\/wp\/v2\/posts"}],"about":[{"href":"https:\/\/linitiative.ca\/International\/wp-json\/wp\/v2\/types\/post"}],"author":[{"embeddable":true,"href":"https:\/\/linitiative.ca\/International\/wp-json\/wp\/v2\/users\/1763"}],"replies":[{"embeddable":true,"href":"https:\/\/linitiative.ca\/International\/wp-json\/wp\/v2\/comments?post=115941"}],"version-history":[{"count":0,"href":"https:\/\/linitiative.ca\/International\/wp-json\/wp\/v2\/posts\/115941\/revisions"}],"wp:attachment":[{"href":"https:\/\/linitiative.ca\/International\/wp-json\/wp\/v2\/media?parent=115941"}],"wp:term":[{"taxonomy":"category","embeddable":true,"href":"https:\/\/linitiative.ca\/International\/wp-json\/wp\/v2\/categories?post=115941"},{"taxonomy":"post_tag","embeddable":true,"href":"https:\/\/linitiative.ca\/International\/wp-json\/wp\/v2\/tags?post=115941"}],"curies":[{"name":"wp","href":"https:\/\/api.w.org\/{rel}","templated":true}]}}