{"id":115943,"date":"2021-05-01T15:14:31","date_gmt":"2021-05-01T19:14:31","guid":{"rendered":"https:\/\/linitiative.ca\/International\/equipe-dalgerie-faf-le-president-de-la-fifa-infantino-invite-en-algerie-par-amara\/"},"modified":"2021-05-01T15:14:31","modified_gmt":"2021-05-01T19:14:31","slug":"equipe-dalgerie-faf-le-president-de-la-fifa-infantino-invite-en-algerie-par-amara","status":"publish","type":"post","link":"https:\/\/linitiative.ca\/International\/equipe-dalgerie-faf-le-president-de-la-fifa-infantino-invite-en-algerie-par-amara\/","title":{"rendered":"Equipe d&rsquo;Alg\u00e9rie : FAF: le pr\u00e9sident de la Fifa Infantino invit\u00e9 en Alg\u00e9rie par Amara"},"content":{"rendered":"<div readability=\"32\">\n<p>Auteur : <span class=\"time\">samedi 01 mai 2021 13:31<\/span><\/p>\n<\/div>\n<div id=\"post_core\" readability=\"54\">\n<p>Le nouveau pr\u00e9sident de la F\u00e9d\u00e9ration alg\u00e9rienne de football (FAF) Charaf-Eddine Amara, a invit\u00e9 le patron de la F\u00e9d\u00e9ration internationale (Fifa) Gianni Infantino, \u00e0 se rendre en Alg\u00e9rie, a affirm\u00e9 vendredi le premier responsable de l&rsquo;instance f\u00e9d\u00e9rale. \u00ab\u00a0En tant que pr\u00e9sident de la FAF, j&rsquo;ai invit\u00e9 Gianni Infantino \u00e0 se rendre en Alg\u00e9rie. Cette invitation doit \u00eatre pr\u00e9par\u00e9e en concertation avec les autorit\u00e9s, idem pour le pr\u00e9sident de la CAF Patrice Motsepe\u00a0\u00bb, a indiqu\u00e9 Amara \u00e0 la presse \u00e0 l&rsquo;a\u00e9roport d&rsquo;Alger, peu apr\u00e8s son arriv\u00e9e en provenance de Doha (Qatar). Le successeur de Khe\u00efreddine Zetchi s&rsquo;est rendu \u00e0 Doha pour assister notamment au tirage au sort de la Coupe arabe de la Fifa 2021. Il a profit\u00e9 de sa pr\u00e9sence sur place pour discuter avec Gianni Infantino et le pr\u00e9sident de la CAF Patrice Motsepe. \u00ab\u00a0Au cours de la discussion que j&rsquo;ai eue avec Infantino, il m&rsquo;a f\u00e9licit\u00e9 de vive voix apr\u00e8s mon \u00e9lection \u00e0 la FAF, car j&rsquo;ai entendu parler que la Fifa ne m&rsquo;a pas f\u00e9licit\u00e9. Nous avons eu une longue r\u00e9union, tr\u00e8s int\u00e9ressante, nous avons \u00e9voqu\u00e9 pas mal de questions relatives \u00e0 l&rsquo;Alg\u00e9rie et la Fifa, et le r\u00f4le que devait jouer notre pays au sein des organes de l&rsquo;instance mondiale\u00a0\u00bb, a-t-il ajout\u00e9. Pour rappel, le pr\u00e9sident de la Fifa devait effectuer une visite \u00e0 Alger les 21 et 22 f\u00e9vrier dernier, avant d&rsquo;\u00eatre report\u00e9e \u00e0 une date ult\u00e9rieure, \u00ab\u00a0pour des raisons de contingences particuli\u00e8res\u00a0\u00bb. Cette visite s\u2019inscrivait dans le cadre du \u00ab\u00a0rapprochement avec les associations membres\u00a0\u00bb. Gianni Infantino s\u2019\u00e9tait d\u00e9j\u00e0 rendu en Alg\u00e9rie en novembre 2015, alors qu\u2019il occupait le poste de secr\u00e9taire g\u00e9n\u00e9ral de l\u2019Union europ\u00e9enne de football (UEFA).<\/p>\n<p><strong>Publi\u00e9 dans :<\/strong> <span>Amara<\/span> <span>Infantino<\/span><\/p>\n<\/div>\n<p>Auteur:<br \/>\n<a href=\"http:\/\/www.lebuteur.com\/article\/detail?titre=faf-le-president-de-la-fifa-infantino-invite-en-algerie-par-amara&#038;id=99903&#038;utm_source=feedburner&#038;utm_medium=feed&#038;utm_campaign=Feed%3A+GalerieFArtciles+%28Les+derniers+articles++-+lebuteur.com%29\">Cliquez ici pour lire l&rsquo;article depuis sa source.<\/a><\/p>\n","protected":false},"excerpt":{"rendered":"<p>Auteur : samedi 01 mai 2021 13:31 Le nouveau pr\u00e9sident de la F\u00e9d\u00e9ration alg\u00e9rienne de football (FAF) Charaf-Eddine Amara, a invit\u00e9 le patron de la F\u00e9d\u00e9ration internationale (Fifa) Gianni Infantino, \u00e0 se rendre en Alg\u00e9rie, a affirm\u00e9 vendredi le premier responsable de l&rsquo;instance f\u00e9d\u00e9rale. \u00ab\u00a0En tant que pr\u00e9sident de la FAF, j&rsquo;ai invit\u00e9 Gianni Infantino [&hellip;]<\/p>\n","protected":false},"author":1738,"featured_media":0,"comment_status":"closed","ping_status":"closed","sticky":false,"template":"","format":"standard","meta":{"fifu_image_url":"\/\/cdn.lebuteur.com\/data\/images\/article\/thumbs\/large-faf-le-president-de-la-fifa-infantino-invite-en-algerie-par-amara-86816.jpg","fifu_image_alt":"Equipe d'Alg\u00e9rie : FAF: le pr\u00e9sident de la Fifa Infantino invit\u00e9 en Alg\u00e9rie par Amara","footnotes":""},"categories":[53,75],"tags":[],"class_list":["post-115943","post","type-post","status-publish","format-standard","hentry","category-algerie","category-sport"],"_links":{"self":[{"href":"https:\/\/linitiative.ca\/International\/wp-json\/wp\/v2\/posts\/115943","targetHints":{"allow":["GET"]}}],"collection":[{"href":"https:\/\/linitiative.ca\/International\/wp-json\/wp\/v2\/posts"}],"about":[{"href":"https:\/\/linitiative.ca\/International\/wp-json\/wp\/v2\/types\/post"}],"author":[{"embeddable":true,"href":"https:\/\/linitiative.ca\/International\/wp-json\/wp\/v2\/users\/1738"}],"replies":[{"embeddable":true,"href":"https:\/\/linitiative.ca\/International\/wp-json\/wp\/v2\/comments?post=115943"}],"version-history":[{"count":0,"href":"https:\/\/linitiative.ca\/International\/wp-json\/wp\/v2\/posts\/115943\/revisions"}],"wp:attachment":[{"href":"https:\/\/linitiative.ca\/International\/wp-json\/wp\/v2\/media?parent=115943"}],"wp:term":[{"taxonomy":"category","embeddable":true,"href":"https:\/\/linitiative.ca\/International\/wp-json\/wp\/v2\/categories?post=115943"},{"taxonomy":"post_tag","embeddable":true,"href":"https:\/\/linitiative.ca\/International\/wp-json\/wp\/v2\/tags?post=115943"}],"curies":[{"name":"wp","href":"https:\/\/api.w.org\/{rel}","templated":true}]}}