{"id":115944,"date":"2021-05-01T15:14:34","date_gmt":"2021-05-01T19:14:34","guid":{"rendered":"https:\/\/linitiative.ca\/International\/ligue-des-champions-ldc-la-finale-delocalisee\/"},"modified":"2021-05-01T15:14:34","modified_gmt":"2021-05-01T19:14:34","slug":"ligue-des-champions-ldc-la-finale-delocalisee","status":"publish","type":"post","link":"https:\/\/linitiative.ca\/International\/ligue-des-champions-ldc-la-finale-delocalisee\/","title":{"rendered":"Ligue des Champions : LdC : La finale d\u00e9localis\u00e9e ?"},"content":{"rendered":"<div readability=\"32\">\n<p>Auteur : <span class=\"time\">samedi 01 mai 2021 14:00<\/span><\/p>\n<\/div>\n<div id=\"post_core\" readability=\"45\">\n<p>La semaine qui arrive sera donc d\u00e9cisive pour conna\u00eetre l&rsquo;identit\u00e9 des deux \u00e9quipes qui se disputeront le titre europ\u00e9en. Cette semaine sera \u00e9galement tr\u00e8s importante pour l&rsquo;UEFA.<\/p>\n<p>RMC Sport et Footmercato expliquent que l&rsquo;instance dirigeante du foot europ\u00e9en attend de voir comment la situation sanitaire va \u00e9voluer en Turquie lors des prochains jours. Avec les cas de covid-19 en hausse, un confinement a m\u00eame \u00e9t\u00e9 mis en place jusqu&rsquo;au 17 mai. Deux jours plus tard, la finale de la C1 doit se tenir \u00e0 Istanbul. L&rsquo;UEFA continue donc de travailler main dans la main avec la f\u00e9d\u00e9ration turque, tout en explorant la possibilit\u00e9 de faire jouer cette finale ailleurs si la situation ne s&rsquo;am\u00e9liore pas.\u00a0Les m\u00eames sources\u00a0 \u00a0pr\u00e9cisent que la possibilit\u00e9 de jouer ce match en Angleterre, si Manchester City et Chelsea devaient se disputer le titre, serait une option. Affaire \u00e0 suivre&#8230;<\/p>\n<p><strong>Publi\u00e9 dans :<\/strong> <span>Ligue des champions<\/span><\/p>\n<\/div>\n<p>Auteur:<br \/>\n<a href=\"http:\/\/www.lebuteur.com\/article\/detail?titre=ldc-la-finale-delocalisee&#038;id=99904&#038;utm_source=feedburner&#038;utm_medium=feed&#038;utm_campaign=Feed%3A+GalerieFArtciles+%28Les+derniers+articles++-+lebuteur.com%29\">Cliquez ici pour lire l&rsquo;article depuis sa source.<\/a><\/p>\n","protected":false},"excerpt":{"rendered":"<p>Auteur : samedi 01 mai 2021 14:00 La semaine qui arrive sera donc d\u00e9cisive pour conna\u00eetre l&rsquo;identit\u00e9 des deux \u00e9quipes qui se disputeront le titre europ\u00e9en. Cette semaine sera \u00e9galement tr\u00e8s importante pour l&rsquo;UEFA. RMC Sport et Footmercato expliquent que l&rsquo;instance dirigeante du foot europ\u00e9en attend de voir comment la situation sanitaire va \u00e9voluer en [&hellip;]<\/p>\n","protected":false},"author":1738,"featured_media":0,"comment_status":"closed","ping_status":"closed","sticky":false,"template":"","format":"standard","meta":{"fifu_image_url":"\/\/cdn.lebuteur.com\/data\/images\/article\/thumbs\/large-ldc-la-finale-delocalisee-64f3a.jpg","fifu_image_alt":"Ligue des Champions : LdC : La finale d\u00e9localis\u00e9e ?","footnotes":""},"categories":[53,75],"tags":[],"class_list":["post-115944","post","type-post","status-publish","format-standard","hentry","category-algerie","category-sport"],"_links":{"self":[{"href":"https:\/\/linitiative.ca\/International\/wp-json\/wp\/v2\/posts\/115944","targetHints":{"allow":["GET"]}}],"collection":[{"href":"https:\/\/linitiative.ca\/International\/wp-json\/wp\/v2\/posts"}],"about":[{"href":"https:\/\/linitiative.ca\/International\/wp-json\/wp\/v2\/types\/post"}],"author":[{"embeddable":true,"href":"https:\/\/linitiative.ca\/International\/wp-json\/wp\/v2\/users\/1738"}],"replies":[{"embeddable":true,"href":"https:\/\/linitiative.ca\/International\/wp-json\/wp\/v2\/comments?post=115944"}],"version-history":[{"count":0,"href":"https:\/\/linitiative.ca\/International\/wp-json\/wp\/v2\/posts\/115944\/revisions"}],"wp:attachment":[{"href":"https:\/\/linitiative.ca\/International\/wp-json\/wp\/v2\/media?parent=115944"}],"wp:term":[{"taxonomy":"category","embeddable":true,"href":"https:\/\/linitiative.ca\/International\/wp-json\/wp\/v2\/categories?post=115944"},{"taxonomy":"post_tag","embeddable":true,"href":"https:\/\/linitiative.ca\/International\/wp-json\/wp\/v2\/tags?post=115944"}],"curies":[{"name":"wp","href":"https:\/\/api.w.org\/{rel}","templated":true}]}}