{"id":115945,"date":"2021-05-01T15:14:36","date_gmt":"2021-05-01T19:14:36","guid":{"rendered":"https:\/\/linitiative.ca\/International\/international-real-madrid-marco-asensio-sur-les-traces-de-cr7\/"},"modified":"2021-05-01T15:14:36","modified_gmt":"2021-05-01T19:14:36","slug":"international-real-madrid-marco-asensio-sur-les-traces-de-cr7","status":"publish","type":"post","link":"https:\/\/linitiative.ca\/International\/international-real-madrid-marco-asensio-sur-les-traces-de-cr7\/","title":{"rendered":"International : Real Madrid : Marco Asensio sur les traces de CR7"},"content":{"rendered":"<div readability=\"32\">\n<p>Auteur : <span class=\"time\">samedi 01 mai 2021 15:30<\/span><\/p>\n<\/div>\n<div id=\"post_core\" readability=\"44\">\n<p>N\u00e9anmoins, il est possible de trouver des atouts financiers en regardant au sein de son effectif. C\u2019est ainsi que le Real Madrid pourrait se d\u00e9barrasser de Marco Asensio. Le jeune madril\u00e8ne de 25 ans n\u2019est pas indispensable au Real et son nom est un des premiers fusibles \u00e9voqu\u00e9s. L\u2019Espagnol poss\u00e8de encore une belle valeur marchande. Il pourrait bien rebondir en Italie.\u00a0<\/p>\n<p>Selon Sport et Tuttosport, la Juventus suivrait de pr\u00e8s le profil de l\u2019ailier madril\u00e8ne. A la recherche de renfort offensif,\u00a0la Vieille Dame suit de pr\u00e8s le cas Ousmane Demb\u00e9l\u00e9\u00a0mais pourrait n\u00e9anmoins choisir de ne pas attendre et se lancer sur Marco Asensio.\u00a0<\/p>\n<p><strong>Publi\u00e9 dans :<\/strong> <span>Real Madrid : Marco Asensio<\/span><\/p>\n<\/div>\n<p>Auteur:<br \/>\n<a href=\"http:\/\/www.lebuteur.com\/article\/detail?titre=real-madrid-marco-asensio-sur-les-traces-de-cr7&#038;id=99905&#038;utm_source=feedburner&#038;utm_medium=feed&#038;utm_campaign=Feed%3A+GalerieFArtciles+%28Les+derniers+articles++-+lebuteur.com%29\">Cliquez ici pour lire l&rsquo;article depuis sa source.<\/a><\/p>\n","protected":false},"excerpt":{"rendered":"<p>Auteur : samedi 01 mai 2021 15:30 N\u00e9anmoins, il est possible de trouver des atouts financiers en regardant au sein de son effectif. C\u2019est ainsi que le Real Madrid pourrait se d\u00e9barrasser de Marco Asensio. Le jeune madril\u00e8ne de 25 ans n\u2019est pas indispensable au Real et son nom est un des premiers fusibles \u00e9voqu\u00e9s. [&hellip;]<\/p>\n","protected":false},"author":1738,"featured_media":0,"comment_status":"closed","ping_status":"closed","sticky":false,"template":"","format":"standard","meta":{"fifu_image_url":"\/\/cdn.lebuteur.com\/data\/images\/article\/thumbs\/large-real-madrid-marco-asensio-sur-les-traces-de-cr7-af714.jpg","fifu_image_alt":"International : Real Madrid : Marco Asensio sur les traces de CR7","footnotes":""},"categories":[53,75],"tags":[],"class_list":["post-115945","post","type-post","status-publish","format-standard","hentry","category-algerie","category-sport"],"_links":{"self":[{"href":"https:\/\/linitiative.ca\/International\/wp-json\/wp\/v2\/posts\/115945","targetHints":{"allow":["GET"]}}],"collection":[{"href":"https:\/\/linitiative.ca\/International\/wp-json\/wp\/v2\/posts"}],"about":[{"href":"https:\/\/linitiative.ca\/International\/wp-json\/wp\/v2\/types\/post"}],"author":[{"embeddable":true,"href":"https:\/\/linitiative.ca\/International\/wp-json\/wp\/v2\/users\/1738"}],"replies":[{"embeddable":true,"href":"https:\/\/linitiative.ca\/International\/wp-json\/wp\/v2\/comments?post=115945"}],"version-history":[{"count":0,"href":"https:\/\/linitiative.ca\/International\/wp-json\/wp\/v2\/posts\/115945\/revisions"}],"wp:attachment":[{"href":"https:\/\/linitiative.ca\/International\/wp-json\/wp\/v2\/media?parent=115945"}],"wp:term":[{"taxonomy":"category","embeddable":true,"href":"https:\/\/linitiative.ca\/International\/wp-json\/wp\/v2\/categories?post=115945"},{"taxonomy":"post_tag","embeddable":true,"href":"https:\/\/linitiative.ca\/International\/wp-json\/wp\/v2\/tags?post=115945"}],"curies":[{"name":"wp","href":"https:\/\/api.w.org\/{rel}","templated":true}]}}