{"id":115947,"date":"2021-05-01T15:14:41","date_gmt":"2021-05-01T19:14:41","guid":{"rendered":"https:\/\/linitiative.ca\/International\/pros-serie-a-ounas-et-crotone-officiellement-relegues\/"},"modified":"2021-05-01T15:14:41","modified_gmt":"2021-05-01T19:14:41","slug":"pros-serie-a-ounas-et-crotone-officiellement-relegues","status":"publish","type":"post","link":"https:\/\/linitiative.ca\/International\/pros-serie-a-ounas-et-crotone-officiellement-relegues\/","title":{"rendered":"Pros : Serie A : Ounas et Crotone officiellement rel\u00e9gu\u00e9s"},"content":{"rendered":"<div readability=\"32\">\n<p>Auteur : <span class=\"time\">samedi 01 mai 2021 19:24<\/span><\/p>\n<\/div>\n<div id=\"post_core\" readability=\"52\">\n<p>Suite de la 34\u00e8me journ\u00e9e de Serie A ce samedi avec un duel des extr\u00eames entre la lanterne rouge, Crotone, et le leader, l&rsquo;Inter Milan. Au stade Ezio-Scida, les Nerazzurri se sont impos\u00e9s 2-0 gr\u00e2ce \u00e0 une r\u00e9alisation de Christian Eriksen, servi par Romelu Lukaku (69e) et \u00e0 un but d&rsquo;Achraf Hakimi dans le temps additionnel (90e +2) comme l&rsquo;indique Footmercato.<\/p>\n<p>Avec ces trois nouveaux points, l&rsquo;Inter (1er, 82 points) peut officiellement remporter le championnat d&rsquo;Italie \u00e0 l&rsquo;issue de cette 34\u00e8me journ\u00e9e si l&rsquo;Atalanta (2\u00e8me, 68 points) ne s&rsquo;impose par \u00e0 Sassuolo ce dimanche. De son c\u00f4t\u00e9, Crotone (20\u00e8me, 18 points), qui avait d\u00e9j\u00e0 un pied et quatre orteil en Serie B, est officiellement rel\u00e9gu\u00e9 \u00e0 l&rsquo;\u00e9chelon inf\u00e9rieur et ne peut plus esp\u00e9rer se sauver cette saison.<\/p>\n<p><strong>Publi\u00e9 dans :<\/strong> <span>Crotone<\/span><\/p>\n<\/div>\n<p>Auteur:<br \/>\n<a href=\"http:\/\/www.lebuteur.com\/article\/detail?titre=serie-a-ounas-et-crotone-officiellement-relegues&#038;id=99907&#038;utm_source=feedburner&#038;utm_medium=feed&#038;utm_campaign=Feed%3A+GalerieFArtciles+%28Les+derniers+articles++-+lebuteur.com%29\">Cliquez ici pour lire l&rsquo;article depuis sa source.<\/a><\/p>\n","protected":false},"excerpt":{"rendered":"<p>Auteur : samedi 01 mai 2021 19:24 Suite de la 34\u00e8me journ\u00e9e de Serie A ce samedi avec un duel des extr\u00eames entre la lanterne rouge, Crotone, et le leader, l&rsquo;Inter Milan. Au stade Ezio-Scida, les Nerazzurri se sont impos\u00e9s 2-0 gr\u00e2ce \u00e0 une r\u00e9alisation de Christian Eriksen, servi par Romelu Lukaku (69e) et \u00e0 [&hellip;]<\/p>\n","protected":false},"author":1738,"featured_media":0,"comment_status":"closed","ping_status":"closed","sticky":false,"template":"","format":"standard","meta":{"fifu_image_url":"\/\/cdn.lebuteur.com\/data\/images\/article\/thumbs\/large-serie-a-ounas-et-crotone-officiellement-relegues-234b5.jpg","fifu_image_alt":"Pros : Serie A : Ounas et Crotone officiellement rel\u00e9gu\u00e9s","footnotes":""},"categories":[53,75],"tags":[],"class_list":["post-115947","post","type-post","status-publish","format-standard","hentry","category-algerie","category-sport"],"_links":{"self":[{"href":"https:\/\/linitiative.ca\/International\/wp-json\/wp\/v2\/posts\/115947","targetHints":{"allow":["GET"]}}],"collection":[{"href":"https:\/\/linitiative.ca\/International\/wp-json\/wp\/v2\/posts"}],"about":[{"href":"https:\/\/linitiative.ca\/International\/wp-json\/wp\/v2\/types\/post"}],"author":[{"embeddable":true,"href":"https:\/\/linitiative.ca\/International\/wp-json\/wp\/v2\/users\/1738"}],"replies":[{"embeddable":true,"href":"https:\/\/linitiative.ca\/International\/wp-json\/wp\/v2\/comments?post=115947"}],"version-history":[{"count":0,"href":"https:\/\/linitiative.ca\/International\/wp-json\/wp\/v2\/posts\/115947\/revisions"}],"wp:attachment":[{"href":"https:\/\/linitiative.ca\/International\/wp-json\/wp\/v2\/media?parent=115947"}],"wp:term":[{"taxonomy":"category","embeddable":true,"href":"https:\/\/linitiative.ca\/International\/wp-json\/wp\/v2\/categories?post=115947"},{"taxonomy":"post_tag","embeddable":true,"href":"https:\/\/linitiative.ca\/International\/wp-json\/wp\/v2\/tags?post=115947"}],"curies":[{"name":"wp","href":"https:\/\/api.w.org\/{rel}","templated":true}]}}