{"id":115948,"date":"2021-05-01T04:00:00","date_gmt":"2021-05-01T08:00:00","guid":{"rendered":"https:\/\/linitiative.ca\/International\/ledito-de-taoufik-habaieb-de-msaken-a-rambouillet\/"},"modified":"2021-05-01T04:00:00","modified_gmt":"2021-05-01T08:00:00","slug":"ledito-de-taoufik-habaieb-de-msaken-a-rambouillet","status":"publish","type":"post","link":"https:\/\/linitiative.ca\/International\/ledito-de-taoufik-habaieb-de-msaken-a-rambouillet\/","title":{"rendered":"L\u2019\u00e9dito de Taoufik Habaieb: De Msaken \u00e0 Rambouillet"},"content":{"rendered":"<p class=\"c3\"><span class=\"c2\"><strong>Sc\u00e8ne d\u2019horreur aux lourdes cons\u00e9quences.<\/strong><\/span> Ecouteurs aux oreilles, branch\u00e9s sur son smartphone, relayant des \u00ab\u00a0anachids\u00a0\u00bb apologiques du jihad, Jamel Gorchene s\u2019engouffre derri\u00e8re St\u00e9phanie Monferm\u00e9, agente administrative de police, lorsqu\u2019elle entre au commissariat de Rambouillet. L\u2019enserrant d\u2019un bras, la plaquant contre une vitre du sas, il lui porte deux coups de couteau, criant Allah Akbar. Mortelle, la lame de 22 cm s\u2019enfoncera dans l\u2019abdomen, puis dans la gorge. L\u2019assassin est abattu de deux coups de feu.<\/p>\n<p class=\"c3\"><span class=\"c2\"><strong>Nous sommes un vendredi, le 11\u00e8me jour du ramadan.<\/strong><\/span> Jamel, 36 ans, originaire de Msaken, ne pouvait en ignorer la symbolique. Comme Mohamed Lahouiej Bouhlel, auteur de la tuerie de Nice, le 14 juillet 2016, natif lui aussi de Msaken, ou Brahim Aissaoui, originaire du Centre et habitant \u00e0 Sfax, qui avait tu\u00e9 trois personnes \u00e0 la basilique Notre-Dame de\u00a0Nice, le jour du mouled, le 29 octobre dernier. Gilles Kepel n\u2019a pas manqu\u00e9 de le relever.<\/p>\n<p class=\"c3\"><span class=\"c2\"><strong>\u00abRigoriste et d\u00e9pressif, Tunisien, migrant clandestin pendant 10 ans, r\u00e9cemment r\u00e9gularis\u00e9\u00bb.<\/strong><\/span> Le portrait h\u00e2tivement dress\u00e9 de Jamel Gorch\u00e8ne ravive des pr\u00e9jug\u00e9s nourris par des faits r\u00e9cents survenus \u00e0 Nice. Migration clandestine, r\u00e9gularisations, radicalisation religieuse et laxisme contre le terrorisme sont imm\u00e9diatement d\u00e9cri\u00e9s en France, pointant du doigt le pr\u00e9sident Macron et son gouvernement. Si depuis l\u2019\u00e9lection de Macron en 2017, 36 attentats ont \u00e9t\u00e9 d\u00e9jou\u00e9s, 14 ont \u00e9t\u00e9 subis, faisant 25 morts.<\/p>\n<p class=\"c3\"><span class=\"c2\"><strong>Sans discernement, migration et terrorisme sont li\u00e9s.<\/strong><\/span> L\u2019islam constituera le troisi\u00e8me angle de la probl\u00e9matique ainsi pos\u00e9e. Le sentiment d\u2019ins\u00e9curit\u00e9, r\u00e9el ou attis\u00e9, enregistre un nouveau rebond, se pla\u00e7ant en deuxi\u00e8me position des pr\u00e9occupations des Fran\u00e7ais (70%), apr\u00e8s la sant\u00e9 et l\u2019\u00e9ducation. La question s\u00e9curitaire bouleverse d\u00e9j\u00e0 l\u2019\u00e9lection pr\u00e9sidentielle du printemps prochain, en 2022. La droite et l\u2019extr\u00eame-droite s\u2019en emparent&#8230;<\/p>\n<p class=\"c3\"><span class=\"c2\"><strong>Pour les Tunisiens de France, l\u2019assassinat de Rambouillet p\u00e8sera de tout son poids.<\/strong><\/span> \u00abLes attentats r\u00e9p\u00e9titifs pourraient provoquer une contre-violence et d\u00e9velopper en r\u00e9action une violence \u00e0 l\u2019\u00e9gard des mosqu\u00e9es ou des musulmans qui se d\u00e9marquent par leur habillement. \u00bb Yadh Ben Achour le souligne \u00e0 chaud dans une r\u00e9cente <a href=\"https:\/\/www.lepoint.fr\/monde\/attentat-de-rambouillet-il-y-a-un-probleme-tunisien-25-04-2021-2423672_24.php#xtmc=yadh-ben-achour&amp;xtnp=1&amp;xtcr=2\">interview<\/a> au Point, et n\u2019exclut pas ce risque, en confirmation de ce qu&rsquo;il avait \u00e9crit il y a quelques ann\u00e9es dans son livre <strong>\u00ab\u00a0Tunisie.\u00a0Une r\u00e9volution en pays d&rsquo;Islam\u00a0\u00bb<\/strong> (<a href=\"https:\/\/www.ceresbookshop.com\/fr\/essai-etudes\/5325-tunisie-une-r%C3%A9volution-en-pays-d-islam.html\" target=\"_blank\" rel=\"noopener\">C\u00e9r\u00e8s<\/a>)<\/p>\n<p class=\"c3\"><span class=\"c2\"><strong>Dresser les gens les uns contre les autres constituera un d\u00e9rapage majeur.<\/strong><\/span> D\u00e9signer des Arabes et plus largement des Musulmans (avec des Africains) comme source potentielle de risques s\u00e9curitaires, qu\u2019il s\u2019agisse de d\u00e9linquance ou de terrorisme, ne sera pas sans cons\u00e9quence.<\/p>\n<p class=\"c3\"><span class=\"c2\"><strong>Un co\u00fbt d\u2019arr\u00eat pr\u00e9judiciable est pr\u00e9visible.<\/strong><\/span> Bloquer les r\u00e9gularisations (30.000 par an, expulser tous les sans-papiers (plus de 600.000 au moins), et renforcer les restrictions d\u2019entr\u00e9e sur le territoire fran\u00e7ais (octroi de visa, de bourse, etc.) sont fortement r\u00e9clam\u00e9s par la droite. Quadriller aussi les associations, \u00e9coles, mosqu\u00e9es et autres lieux de culte musulmans.<\/p>\n<p class=\"c3\"><span class=\"c2\"><strong>Les Tunisiens de France &#8211; plus d\u2019un million &#8211; en p\u00e2tiront.<\/strong><\/span> Des dizaines de milliers de m\u00e9decins, techniciens, infirmiers et autres soignants se d\u00e9ploient en premi\u00e8re ligne dans la lutte contre le Covid. Des centaines d\u2019autres milliers \u0153uvrent dans divers secteurs d\u2019activit\u00e9. Ils sont chercheurs, ing\u00e9nieurs, avocats, financiers, commer\u00e7ants, corps de m\u00e9tier dans le b\u00e2timent, artisans et chefs d\u2019entreprise qui contribuent \u00e0 la richesse de la France. Tous aiment ce pays qui les a accueillis, comme ils aiment leur Tunisie d\u2019origine. Des \u00e9gar\u00e9s comme Jamel ne sauraient cependant effacer leurs m\u00e9rites, souiller leurs parcours.<\/p>\n<p class=\"c3\"><span class=\"c2\"><strong>Format\u00e9 par la haine et l\u2019obscurantisme, manipul\u00e9 par les sir\u00e8nes du jihad, le terroriste de Rambouillet ne nous ressemble pas.<\/strong><\/span> Ni aux Tunisiens, ni \u00e0 la Tunisie, ni \u00e0 l\u2019Islam. Fanatis\u00e9 en\u00a0 loup solitaire \u00ab du jihad d&rsquo;atmosph\u00e8re \u00bb, pour reprendre la formule de Gilles Kepel dans son dernier nlivre <a href=\"https:\/\/www.leaders.com.tn\/article\/31381-l-afrique-du-nord-et-le-moyen-orient-apres-2020-sous-l-analyse-de-gilles-kepel\">\u00ab\u00a0Le Proph\u00e8t et la pand\u00e9mie<\/a>\u00a0\u00bb (Gallimard), sans besoin de commandement, ni de logistique, ni d\u2019arme \u00e0 feu, il aura suffi d&rsquo;un smartphone et d\u2019un couteau pour commettre son forfait forfait. En plein ramadan, comme si ce mois de pi\u00e9t\u00e9 et de tol\u00e9rance ne l&rsquo;avait pas dissuad\u00e9 de commettre son geste macabre.<\/p>\n<p class=\"c3\"><span class=\"c2\"><strong>Le drame de Rambouillet laissera sur les relations tuniso-fran\u00e7aises des traces pas faciles \u00e0 gommer.<\/strong><\/span> Les communiqu\u00e9s d\u2019indignation et les expressions de compassion ne suffiront pas pour panser des plaies aussi profondes. Agir ensemble contre le terrorisme, en s\u2019attaquant \u00e0 ses racines, est plus que jamais n\u00e9cessaire. S\u00e9curit\u00e9 et d\u00e9veloppement vont de pair.<\/p>\n<p class=\"c4\"><strong>Taoufik Habaieb<\/strong><\/p>\n<p class=\"c5\"><strong><a href=\"https:\/\/www.leaders.com.tn\/le_mensuel_abonnez_vous\"><img loading=\"lazy\" decoding=\"async\" src=\"\/uploads\/FCK_files\/Bon-de-commande(2).jpg\" alt=\"\" width=\"500\" vspace=\"5\" hspace=\"5\" height=\"128\" align=\"middle\"\/><\/a><\/strong><br \/>\u00a0<\/p>\n<p>Auteur:<br \/>\n<a href=\"https:\/\/www.leaders.com.tn\/article\/31797-l-edito-de-taoufik-habaieb-de-msaken-a-rambouillet\">Cliquez ici pour lire l&rsquo;article depuis sa source.<\/a><\/p>\n","protected":false},"excerpt":{"rendered":"<p>Sc\u00e8ne d\u2019horreur aux lourdes cons\u00e9quences. Ecouteurs aux oreilles, branch\u00e9s sur son smartphone, relayant des \u00ab\u00a0anachids\u00a0\u00bb apologiques du jihad, Jamel Gorchene s\u2019engouffre derri\u00e8re St\u00e9phanie Monferm\u00e9, agente administrative de police, lorsqu\u2019elle entre au commissariat de Rambouillet. L\u2019enserrant d\u2019un bras, la plaquant contre une vitre du sas, il lui porte deux coups de couteau, criant Allah Akbar. Mortelle, [&hellip;]<\/p>\n","protected":false},"author":1772,"featured_media":0,"comment_status":"closed","ping_status":"closed","sticky":false,"template":"","format":"standard","meta":{"fifu_image_url":"\/uploads\/FCK_files\/Bon-de-commande(2).jpg","fifu_image_alt":"L\u2019\u00e9dito de Taoufik Habaieb: De Msaken \u00e0 Rambouillet","footnotes":""},"categories":[73,55],"tags":[],"class_list":["post-115948","post","type-post","status-publish","format-standard","hentry","category-actualite","category-tunisie"],"_links":{"self":[{"href":"https:\/\/linitiative.ca\/International\/wp-json\/wp\/v2\/posts\/115948","targetHints":{"allow":["GET"]}}],"collection":[{"href":"https:\/\/linitiative.ca\/International\/wp-json\/wp\/v2\/posts"}],"about":[{"href":"https:\/\/linitiative.ca\/International\/wp-json\/wp\/v2\/types\/post"}],"author":[{"embeddable":true,"href":"https:\/\/linitiative.ca\/International\/wp-json\/wp\/v2\/users\/1772"}],"replies":[{"embeddable":true,"href":"https:\/\/linitiative.ca\/International\/wp-json\/wp\/v2\/comments?post=115948"}],"version-history":[{"count":0,"href":"https:\/\/linitiative.ca\/International\/wp-json\/wp\/v2\/posts\/115948\/revisions"}],"wp:attachment":[{"href":"https:\/\/linitiative.ca\/International\/wp-json\/wp\/v2\/media?parent=115948"}],"wp:term":[{"taxonomy":"category","embeddable":true,"href":"https:\/\/linitiative.ca\/International\/wp-json\/wp\/v2\/categories?post=115948"},{"taxonomy":"post_tag","embeddable":true,"href":"https:\/\/linitiative.ca\/International\/wp-json\/wp\/v2\/tags?post=115948"}],"curies":[{"name":"wp","href":"https:\/\/api.w.org\/{rel}","templated":true}]}}