{"id":115949,"date":"2021-05-01T05:59:00","date_gmt":"2021-05-01T09:59:00","guid":{"rendered":"https:\/\/linitiative.ca\/International\/beya-ladgham-veuve-du-grand-militant-et-ancien-premier-ministre-bahi-ladgham-nest-plus\/"},"modified":"2021-05-01T05:59:00","modified_gmt":"2021-05-01T09:59:00","slug":"beya-ladgham-veuve-du-grand-militant-et-ancien-premier-ministre-bahi-ladgham-nest-plus","status":"publish","type":"post","link":"https:\/\/linitiative.ca\/International\/beya-ladgham-veuve-du-grand-militant-et-ancien-premier-ministre-bahi-ladgham-nest-plus\/","title":{"rendered":"Beya Ladgham, veuve du grand militant et ancien premier ministre Bahi Ladgham n&rsquo;est plus"},"content":{"rendered":"<p><img decoding=\"async\" src=\"\/uploads\/FCK_files\/FB_IMG_1619708926955.jpg\" width=\"30%\" vspace=\"5\" hspace=\"5\" align=\"left\" alt=\"\"\/>Beya\u00a0 Ladgham, veuve de l&rsquo;ancien premier ministre et grand militant, Bahi Ladgham vient de nous quitter dans la plus grande discr\u00e9tion \u00e0 l&rsquo;\u00e2ge de 96 ans. Aux c\u00f4t\u00e9s de son mari, elle avait \u00e9t\u00e9 d&rsquo;un grand soutien moral lors des pires moments de la lutte nationale. Elle avait \u00e9pous\u00e9 Bahi Ladgham en septembre 1946 juste \u00e0 la sortie de Si El Bahi de prison,\u00a0 suite \u00e0 \u00abla rafle\u00bb\u00a0 du congr\u00e8s national de la nuit du destin, puis quand il a \u00e9t\u00e9 charg\u00e9 par le n\u00e9o destour de d\u00e9fendre la cause nationale\u00a0 \u00e0 l&rsquo;ONU \u00e0 New York de 1951 \u00e0 1955. Pendant ses absences, elle a \u00e9t\u00e9 un v\u00e9ritable chef de famille.<\/p>\n<p>Cette grande dame discr\u00e8te ( cette qualit\u00e9 est une vertu cardinale dans la famille) \u00e9tait une v\u00e9ritable m\u00e8re courage qui avait par son abn\u00e9gation, contribu\u00e9 pour une large part \u00e0 la r\u00e9ussite \u00e0 la fois \u00e0 l&rsquo;\u00e9ducation et \u00e0 l&rsquo;instruction de ses enfants, malgr\u00e9 toutes les vicissitudes de la vie.\u00a0\u00a0<\/p>\n<p>Auteur:<br \/>\n<a href=\"https:\/\/www.leaders.com.tn\/article\/31802-beya-ladgham-veuve-du-grand-militant-et-ancien-premier-ministre-bahi-ladgham-n-est-plusam\">Cliquez ici pour lire l&rsquo;article depuis sa source.<\/a><\/p>\n","protected":false},"excerpt":{"rendered":"<p>Beya\u00a0 Ladgham, veuve de l&rsquo;ancien premier ministre et grand militant, Bahi Ladgham vient de nous quitter dans la plus grande discr\u00e9tion \u00e0 l&rsquo;\u00e2ge de 96 ans. Aux c\u00f4t\u00e9s de son mari, elle avait \u00e9t\u00e9 d&rsquo;un grand soutien moral lors des pires moments de la lutte nationale. Elle avait \u00e9pous\u00e9 Bahi Ladgham en septembre 1946 juste [&hellip;]<\/p>\n","protected":false},"author":1772,"featured_media":0,"comment_status":"closed","ping_status":"closed","sticky":false,"template":"","format":"standard","meta":{"fifu_image_url":"\/uploads\/FCK_files\/FB_IMG_1619708926955.jpg","fifu_image_alt":"<div>Beya Ladgham, veuve du grand militant et ancien premier ministre Bahi Ladgham n'est plus<\/div>","footnotes":""},"categories":[73,55],"tags":[],"class_list":["post-115949","post","type-post","status-publish","format-standard","hentry","category-actualite","category-tunisie"],"_links":{"self":[{"href":"https:\/\/linitiative.ca\/International\/wp-json\/wp\/v2\/posts\/115949","targetHints":{"allow":["GET"]}}],"collection":[{"href":"https:\/\/linitiative.ca\/International\/wp-json\/wp\/v2\/posts"}],"about":[{"href":"https:\/\/linitiative.ca\/International\/wp-json\/wp\/v2\/types\/post"}],"author":[{"embeddable":true,"href":"https:\/\/linitiative.ca\/International\/wp-json\/wp\/v2\/users\/1772"}],"replies":[{"embeddable":true,"href":"https:\/\/linitiative.ca\/International\/wp-json\/wp\/v2\/comments?post=115949"}],"version-history":[{"count":0,"href":"https:\/\/linitiative.ca\/International\/wp-json\/wp\/v2\/posts\/115949\/revisions"}],"wp:attachment":[{"href":"https:\/\/linitiative.ca\/International\/wp-json\/wp\/v2\/media?parent=115949"}],"wp:term":[{"taxonomy":"category","embeddable":true,"href":"https:\/\/linitiative.ca\/International\/wp-json\/wp\/v2\/categories?post=115949"},{"taxonomy":"post_tag","embeddable":true,"href":"https:\/\/linitiative.ca\/International\/wp-json\/wp\/v2\/tags?post=115949"}],"curies":[{"name":"wp","href":"https:\/\/api.w.org\/{rel}","templated":true}]}}