{"id":115953,"date":"2021-05-01T09:33:02","date_gmt":"2021-05-01T13:33:02","guid":{"rendered":"https:\/\/linitiative.ca\/International\/le-maroc-demande-a-lespagne-si-elle-veut-sacrifier-sa-relation-bilaterale-pour-brahim-ghali\/"},"modified":"2021-05-01T09:33:02","modified_gmt":"2021-05-01T13:33:02","slug":"le-maroc-demande-a-lespagne-si-elle-veut-sacrifier-sa-relation-bilaterale-pour-brahim-ghali","status":"publish","type":"post","link":"https:\/\/linitiative.ca\/International\/le-maroc-demande-a-lespagne-si-elle-veut-sacrifier-sa-relation-bilaterale-pour-brahim-ghali\/","title":{"rendered":"Le Maroc demande \u00e0 l\u2019Espagne \u00ab\u00a0si elle veut sacrifier sa relation bilat\u00e9rale\u00a0\u00bb pour Brahim Ghali"},"content":{"rendered":"<p><strong>Lors d\u2019un entretien accord\u00e9 \u00e0 l\u2019agence de presse EFE, le ministre des Affaires \u00e9trang\u00e8res, Nasser Bourita, a \u00e9t\u00e9 ferme et a condamn\u00e9 la d\u00e9cision prise par l\u2019Espagne d\u2019accueillir Brahim Ghali sur son territoire. Cette action pourrait lourdement affecter les relations entre le Maroc et l\u2019Espagne selon le ministre.<\/strong><\/p>\n<div class=\"c10\">\n<\/div>\n<p>Cet entretien accord\u00e9 \u00e0 l\u2019agence de presse EFE vient en effet confirmer l\u2019existence d\u2019une crise entre le Maroc et l\u2019Espagne. En effet, Cet entretien accord\u00e9 par Nasser Bourita a lieu dans un contexte de tensions entre le Maroc et l\u2019Espagne. Madrid a r\u00e9cemment accueilli le leader du Polisario, Brahim Ghali, pour des \u00ab raisons humanitaires \u00bb. Ce dernier a \u00e9t\u00e9 accueilli afin de pouvoir se faire soigner dans un h\u00f4pital espagnol. Dans cet entretien, Nasser Bourita revient sur sa frustration de ne pas avoir re\u00e7u de \u00ab r\u00e9ponses satisfaisantes et convaincantes \u00bb aux maintes questions que le minist\u00e8re des Affaires \u00e9trang\u00e8res marocain a adress\u00e9 \u00e0 son homologue espagnol par le biais d\u2019un communiqu\u00e9 publi\u00e9 le 25 Avril. A travers ce communiqu\u00e9, la diplomatie marocaine se posait une s\u00e9rie de questions :<\/p>\n<p>\u00a0\u2013\u00a0Pourquoi le d\u00e9nomm\u00e9 Brahim Ghali a-t-il \u00e9t\u00e9 admis en Espagne en catimini et avec un faux passeport\u2009?<\/p>\n<p>\u2013\u00a0Pourquoi l\u2019Espagne a-t-elle jug\u00e9 utile de ne pas en aviser le Maroc\u2009?<\/p>\n<p>\u00a0\u2013\u00a0Pourquoi a-t-elle a opt\u00e9 pour son admission sous une fausse identit\u00e9\u2009?<\/p>\n<p>\u2013\u00a0Pourquoi la justice espagnole n\u2019a-t-elle pas encore r\u00e9agi aux nombreuses plaintes d\u00e9pos\u00e9es par les victimes\u2009?<\/p>\n<p><strong>Lire aussi|<\/strong>\u00a0<a href=\"https:\/\/www.challenge.ma\/decryptage-de-la-diplomatie-algerienne-en-afrique-et-des-rapports-de-force-avec-le-maroc-183149\/\"><strong>D\u00e9cryptage de la diplomatie alg\u00e9rienne en Afrique et des rapports de force avec le Maroc<\/strong><\/a><\/p>\n<p>Nasser Bourita voit en cette affaire \u00ab un test sur la fiabilit\u00e9 et la sinc\u00e9rit\u00e9 de la relation \u00bb entre le Maroc et son voisin espagnol. C\u2019est l\u2019occasion de jauger si cette dite sinc\u00e9rit\u00e9 n\u2019est qu\u2019au final qu\u2019un simple \u00ab slogan \u00bb. Le ministre a \u00e9galement rappel\u00e9 que de son c\u00f4t\u00e9, le Maroc avait refus\u00e9 d\u2019accueillir des leaders ind\u00e9pendantistes catalans en 2017.<\/p>\n<p>De ce fait donc, le Maroc se demande si l\u2019Espagne \u00ab\u00a0veut sacrifier sa relation bilat\u00e9rale\u00a0\u00bb sur l\u2019affaire Brahim Ghali, et attend toujours \u00ab\u00a0une r\u00e9ponse satisfaisante et convaincante\u00a0\u00bb \u00e0 ce sujet de la part du gouvernement espagnol.<\/p>\n<p><strong>Lire aussi|<\/strong>\u00a0<a href=\"https:\/\/www.challenge.ma\/maroc-usa-nasser-bourita-sentretient-avec-le-secretaire-detat-americain-183112\/\"><strong>Maroc-USA : Nasser Bourita s\u2019entretient avec le Secr\u00e9taire d\u2019Etat am\u00e9ricain<\/strong><\/a><\/p>\n<p>Le ministre marocain a donc soulign\u00e9 que clart\u00e9 et r\u00e9activit\u00e9 seront des \u00e9l\u00e9ments essentiels dans les jours \u00e0 venir afin de mener un dialogue digne de l\u2019histoire des relations qui rassemblent les deux pays et ce \u00e0 commencer donc par des r\u00e9ponses aux questions soulev\u00e9es en r\u00e9f\u00e9rence \u00e0 l\u2019hospitalisation du leader du Polisario en Espagne.<\/p>\n<p>Auteur: Amine Messaoudi<br \/>\n<a href=\"https:\/\/www.challenge.ma\/le-maroc-demande-a-lespagne-si-elle-veut-sacrifier-sa-relation-bilaterale-pour-brahim-ghali-183159\/\">Cliquez ici pour lire l&rsquo;article depuis sa source.<\/a><\/p>\n","protected":false},"excerpt":{"rendered":"<p>Lors d\u2019un entretien accord\u00e9 \u00e0 l\u2019agence de presse EFE, le ministre des Affaires \u00e9trang\u00e8res, Nasser Bourita, a \u00e9t\u00e9 ferme et a condamn\u00e9 la d\u00e9cision prise par l\u2019Espagne d\u2019accueillir Brahim Ghali sur son territoire. Cette action pourrait lourdement affecter les relations entre le Maroc et l\u2019Espagne selon le ministre. Cet entretien accord\u00e9 \u00e0 l\u2019agence de presse [&hellip;]<\/p>\n","protected":false},"author":1787,"featured_media":0,"comment_status":"closed","ping_status":"closed","sticky":false,"template":"","format":"standard","meta":{"fifu_image_url":"","fifu_image_alt":"","footnotes":""},"categories":[78,54],"tags":[],"class_list":["post-115953","post","type-post","status-publish","format-standard","hentry","category-economie","category-maroc"],"_links":{"self":[{"href":"https:\/\/linitiative.ca\/International\/wp-json\/wp\/v2\/posts\/115953","targetHints":{"allow":["GET"]}}],"collection":[{"href":"https:\/\/linitiative.ca\/International\/wp-json\/wp\/v2\/posts"}],"about":[{"href":"https:\/\/linitiative.ca\/International\/wp-json\/wp\/v2\/types\/post"}],"author":[{"embeddable":true,"href":"https:\/\/linitiative.ca\/International\/wp-json\/wp\/v2\/users\/1787"}],"replies":[{"embeddable":true,"href":"https:\/\/linitiative.ca\/International\/wp-json\/wp\/v2\/comments?post=115953"}],"version-history":[{"count":0,"href":"https:\/\/linitiative.ca\/International\/wp-json\/wp\/v2\/posts\/115953\/revisions"}],"wp:attachment":[{"href":"https:\/\/linitiative.ca\/International\/wp-json\/wp\/v2\/media?parent=115953"}],"wp:term":[{"taxonomy":"category","embeddable":true,"href":"https:\/\/linitiative.ca\/International\/wp-json\/wp\/v2\/categories?post=115953"},{"taxonomy":"post_tag","embeddable":true,"href":"https:\/\/linitiative.ca\/International\/wp-json\/wp\/v2\/tags?post=115953"}],"curies":[{"name":"wp","href":"https:\/\/api.w.org\/{rel}","templated":true}]}}