{"id":115954,"date":"2021-05-01T10:25:21","date_gmt":"2021-05-01T14:25:21","guid":{"rendered":"https:\/\/linitiative.ca\/International\/mon-histoire-avec-les-medicaments-une-autobiographie-de-feu-omar-tazi-a-lire-sans-tarder\/"},"modified":"2021-05-01T10:25:21","modified_gmt":"2021-05-01T14:25:21","slug":"mon-histoire-avec-les-medicaments-une-autobiographie-de-feu-omar-tazi-a-lire-sans-tarder","status":"publish","type":"post","link":"https:\/\/linitiative.ca\/International\/mon-histoire-avec-les-medicaments-une-autobiographie-de-feu-omar-tazi-a-lire-sans-tarder\/","title":{"rendered":"\u00ab\u00a0Mon histoire avec les m\u00e9dicaments\u00a0\u00bb. Une autobiographie de feu Omar Tazi \u00e0 lire sans tarder"},"content":{"rendered":"<p>A huit ans, il a failli renoncer \u00e0 la scolarit\u00e9 \u00e0 cause du harc\u00e8lement racial qu\u2019il subissait \u00e0 l\u2019\u00e9cole fran\u00e7aise o\u00f9 ses parents l\u2019avait inscrit \u00e0 F\u00e8s (un privil\u00e8ge \u00e0 l\u2019\u00e9poque) de la part d\u2019un colon instituteur indigne des valeurs de la R\u00e9publique fran\u00e7aise qu\u2019il \u00e9tait cens\u00e9 incarner. Mais en le traitant constamment de petit fumiste, l\u2019instituteur v\u00e9reux qui prenait un malin plaisir \u00e0 humilier tous les m\u00f4mes \u00ab indig\u00e8nes \u00bb qui osaient se pr\u00e9senter \u00e0 sa classe tout engonc\u00e9s dans des costumes et uniformes occidentaux au lieu de se v\u00eatir en djellabas (ce qui est une h\u00e9r\u00e9sie \u00e0 ses yeux !), a probablement forg\u00e9 le caract\u00e8re bien tremp\u00e9 du petit Omar et l\u2019a surtout inconsciemment pr\u00e9destin\u00e9 \u00e0 faire partie de ceux qui font l\u2019Histoire. Le club litt\u00e9raire des Fumistes qui venait de na\u00eetre en France quelques d\u00e9cennies plus t\u00f4t sous la f\u00e9rule d\u2019Alphonse Allais n\u2019avait-il pas pour devise de \u00ab sauver le monde \u00bb\u2026 \u00e0 leur fa\u00e7on ?<\/p>\n<div class=\"c10\">\n<\/div>\n<p><strong>Lire aussi | <a href=\"https:\/\/www.challenge.ma\/coronavirus-le-maroc-sort-du-top-40-mondial-182897\/\">Coronavirus : le Maroc sort du top 40 mondial<\/a><\/strong><\/p>\n<p>Et ind\u00e9niablement, Feu Omar Tazi, qui nous a quitt\u00e9s le 20 mars de l\u2019ann\u00e9e pass\u00e9e, fait partie du panth\u00e9on marocain des pionniers et b\u00e2tisseurs qui ont apport\u00e9 une contribution majeure \u00e0 l\u2019\u00e9dification du Maroc moderne voire au progr\u00e8s du continent africain. En effet, le fondateur de <a href=\"http:\/\/sothema.com\/web\/laboratoires-pharmaceutiques-sothema\/\">Sothema (Soci\u00e9t\u00e9 Th\u00e9rapeutique Marocaine)<\/a>, premier laboratoire pharmaceutique 100% marocain, a marqu\u00e9 l\u2019histoire du capitalisme marocain par son esprit visionnaire, sa pers\u00e9v\u00e9rance et son combat acharn\u00e9 pour poser les premiers jalons de l\u2019ind\u00e9pendance \u00e9conomique du Maroc dans un domaine aussi critique que celui de la sant\u00e9 humaine. Aussi, un demi-si\u00e8cle avant la \u00ab nouvelle \u00bb politique de promotion des industries de substitution \u00e0 l\u2019import, \u00e9pine dorsale de l\u2019actuel plan de relance post Covid-19 et pierre angulaire de la strat\u00e9gie de r\u00e9-industrialisation du pays, que Feu Omar Tazi en fit l\u2019\u00e9loquent th\u00e9oricien et un pr\u00e9curseur en marche.<br \/>Et c\u2019est avec exigence et excellence, deux vertus qu\u2019il a certainement aiguis\u00e9es au contact de la musique d\u00e8s son plus jeune \u00e2ge (et il fut d\u2019ailleurs d\u00e8s l\u2019adolescence un brillant luthiste dont le talent ne laissait point indiff\u00e9rent), que celui qui a pr\u00e9sid\u00e9 aux destin\u00e9es de l\u2019AMIP (Association Marocaine de l\u2019Industrie Pharmaceutique) de 2005 \u00e0 2008, a \u00e9rig\u00e9 Sothema au rang de leader incontest\u00e9 de l\u2019industrie pharmaceutique \u00e0 l\u2019\u00e9chelle non seulement marocaine mais r\u00e9gionale avec un portefeuille de m\u00e9dicaments qui d\u00e9passe les 300 marques et un nombre de 35 commettants parmi les laboratoires internationaux les plus en vue au niveau mondial. Gr\u00e2ce au cran et \u00e0 la pers\u00e9v\u00e9rance de son fondateur, le bilan de Sothema est \u00e9galement \u00e9maill\u00e9 de \u00abpremi\u00e8res\u00bb de toutes sortes : premier laboratoire pharmaceutique 100% marocain \u00e0 op\u00e9rer r\u00e9ellement en tant qu\u2019industriel, premier fabricant africain d\u2019insuline d\u2019origine animale, premi\u00e8re marque d\u2019insuline 100% marocaine (Insulet), premi\u00e8re entreprise marocaine \u00e0 gagner en proc\u00e8s de dumping contre un g\u00e9ant \u00e9tranger (en l\u2019occurrence Novo Nordisk) et premier laboratoire pharmaceutique nord-africain \u00e0 s\u2019introduire en bourse.<\/p>\n<p><strong>Lire aussi | <a href=\"https:\/\/www.challenge.ma\/les-importations-de-la-grande-distribution-au-maroc-linitiative-du-groupe-marjane-fera-t-elle-des-emules-183056\/\">Les importations de la Grande Distribution au Maroc : l\u2019initiative du Groupe Marjane fera-t-elle des \u00e9mules ?<\/a><\/strong><\/p>\n<p>Une r\u00e9ussite qu\u2019il d\u00e9die et partage sans h\u00e9siter avec ceux qu\u2019il appela affectueusement les \u00ab Soth\u00e9miens \u00bb et dont le nombre s\u2019\u00e9levait, \u00e0 fin 2020, \u00e0 plus de 1.200 collaborateurs contre trois \u00e0 peine lors de la cr\u00e9ation de Sothema en 1976. Une r\u00e9ussite qui s\u2019explique par l\u2019\u00e9nergie positive qu\u2019il a su insuffler chez les Soth\u00e9miens, lui qui a consacr\u00e9 tout un chapitre dans son autobiographie au th\u00e8me de l\u2019\u00e9nergie et son rapport \u00e0 la cr\u00e9ation et \u00e0 la vie et qui a donn\u00e9 \u00e0 Sothema pour slogan (depuis 2008) : Des \u00e9nergies unies pour la vie. Quant \u00e0 l\u2019autre vertu \u00e0 laquelle Feu Omar Tazi doit la signature de son contrat providentiel avec son premier grand commettant (contrat sans lequel l\u2019aventure de Sothema n\u2019aurait probablement jamais vu le jour) et qu\u2019il h\u00e9rita de ses parents qui ont veill\u00e9 \u00e0 le lui incorporer \u00e0 son syst\u00e8me de valeurs de fa\u00e7on inconditionnelle, elle n\u2019est autre que la sinc\u00e9rit\u00e9. Une sinc\u00e9rit\u00e9 dont il ne s\u2019est jamais d\u00e9partie, de l\u2019aveu m\u00eame de ses d\u00e9tracteurs voire de ses pires ennemis, m\u00eame quand il a fallu convaincre en quelques minutes seulement le patron Afrique et Moyen Orient du g\u00e9ant am\u00e9ricain Eli Lilly pour accorder \u00e0 un illustre jeune inconnu sans presque aucune exp\u00e9rience industrielle probante la licence de fabrication au Maroc de m\u00e9dicaments aussi compliqu\u00e9s que les injectables.<\/p>\n<p><strong>Lire aussi |<\/strong> <strong><a href=\"https:\/\/www.challenge.ma\/relance-post-covid-19-la-ram-paracheve-son-plan-de-restructuration-financiere-182706\/\">Relance post Covid-19 : la RAM parach\u00e8ve son plan de restructuration financi\u00e8re<\/a><\/strong><\/p>\n<p>Au demeurant, l\u2019autobiographie publi\u00e9e \u00e0 titre posthume de Feu Omar Tazi r\u00e9sonne comme un hymne \u00e0 l\u2019entrepreneuriat citoyen et responsable et une ode au capitalisme familial transcendant qui, loin d\u2019incarner le maillon faible du tissu productif (en raison de la probl\u00e9matique de transmission trans-g\u00e9n\u00e9rationnelle qui le fragilise souvent) en repr\u00e9sente le pan le plus p\u00e9renne et le plus moteur le plus puissant du d\u00e9veloppement durable, inclusif et socialement responsable. Elle vient aussi rappeler par l\u2019\u00e9rudition et la sagesse de son auteur que le \u00ab deus ex machina \u00bb du capitalisme, homme d\u2019action et de prise de risques par excellence, peut \u00e9galement \u00eatre un homme de r\u00e9flexion, de culture et de spiritualit\u00e9. Une conjugaison si rare dans notre soci\u00e9t\u00e9 marocaine qu\u2019elle m\u00e9rite d\u2019\u00eatre mise en exergue et c\u00e9l\u00e9br\u00e9e non seulement dans le cercle des initi\u00e9s mais surtout aupr\u00e8s des futurs entrepreneurs en herbe quels que soient leurs \u00e2ges car, pour paraphraser Epicure, que nul, \u00e9tant jeune, ne tarde \u00e0 agir apr\u00e8s avoir bien r\u00e9fl\u00e9chi, ni, tant vieux, ne se lasse de penser apr\u00e8s une vie pleine d\u2019actions. Et c\u2019est pour ce qu\u2019il incarne et pour les le\u00e7ons qu\u2019elle v\u00e9hicule aussi bien dans le champ manag\u00e9rial que sur le registre des valeurs morales et citoyennes ou encore pour les perles sur l\u2019histoire \u00e9conomique et sociale de notre pays qu\u2019elle nous livre \u00e0 chaque chapitre ou presque que la R\u00e9daction a d\u00e9cid\u00e9 de publier tout au long de ce qui reste de ce mois sacr\u00e9 de je\u00fbne et de recueillement des extraits et fragments du livre \u00ab Mon histoire avec les m\u00e9dicaments \u00bb en esp\u00e9rant que cela vienne r\u00e9galer l\u2019esprit du lecteur et \u00e9pancher la soif du chercheur.<\/p>\n<p>Auteur: challenge<br \/>\n<a href=\"https:\/\/www.challenge.ma\/mon-histoire-avec-les-medicaments-une-autobiographie-de-feu-omar-tazi-a-lire-sans-tarder-183170\/\">Cliquez ici pour lire l&rsquo;article depuis sa source.<\/a><\/p>\n","protected":false},"excerpt":{"rendered":"<p>A huit ans, il a failli renoncer \u00e0 la scolarit\u00e9 \u00e0 cause du harc\u00e8lement racial qu\u2019il subissait \u00e0 l\u2019\u00e9cole fran\u00e7aise o\u00f9 ses parents l\u2019avait inscrit \u00e0 F\u00e8s (un privil\u00e8ge \u00e0 l\u2019\u00e9poque) de la part d\u2019un colon instituteur indigne des valeurs de la R\u00e9publique fran\u00e7aise qu\u2019il \u00e9tait cens\u00e9 incarner. Mais en le traitant constamment de petit [&hellip;]<\/p>\n","protected":false},"author":1787,"featured_media":0,"comment_status":"closed","ping_status":"closed","sticky":false,"template":"","format":"standard","meta":{"fifu_image_url":"","fifu_image_alt":"","footnotes":""},"categories":[78,54],"tags":[],"class_list":["post-115954","post","type-post","status-publish","format-standard","hentry","category-economie","category-maroc"],"_links":{"self":[{"href":"https:\/\/linitiative.ca\/International\/wp-json\/wp\/v2\/posts\/115954","targetHints":{"allow":["GET"]}}],"collection":[{"href":"https:\/\/linitiative.ca\/International\/wp-json\/wp\/v2\/posts"}],"about":[{"href":"https:\/\/linitiative.ca\/International\/wp-json\/wp\/v2\/types\/post"}],"author":[{"embeddable":true,"href":"https:\/\/linitiative.ca\/International\/wp-json\/wp\/v2\/users\/1787"}],"replies":[{"embeddable":true,"href":"https:\/\/linitiative.ca\/International\/wp-json\/wp\/v2\/comments?post=115954"}],"version-history":[{"count":0,"href":"https:\/\/linitiative.ca\/International\/wp-json\/wp\/v2\/posts\/115954\/revisions"}],"wp:attachment":[{"href":"https:\/\/linitiative.ca\/International\/wp-json\/wp\/v2\/media?parent=115954"}],"wp:term":[{"taxonomy":"category","embeddable":true,"href":"https:\/\/linitiative.ca\/International\/wp-json\/wp\/v2\/categories?post=115954"},{"taxonomy":"post_tag","embeddable":true,"href":"https:\/\/linitiative.ca\/International\/wp-json\/wp\/v2\/tags?post=115954"}],"curies":[{"name":"wp","href":"https:\/\/api.w.org\/{rel}","templated":true}]}}