{"id":115955,"date":"2021-05-01T16:31:49","date_gmt":"2021-05-01T20:31:49","guid":{"rendered":"https:\/\/linitiative.ca\/International\/tunisie-le-coup-fumant-que-kais-saied-est-en-train-de-preparer\/"},"modified":"2021-05-01T16:31:49","modified_gmt":"2021-05-01T20:31:49","slug":"tunisie-le-coup-fumant-que-kais-saied-est-en-train-de-preparer","status":"publish","type":"post","link":"https:\/\/linitiative.ca\/International\/tunisie-le-coup-fumant-que-kais-saied-est-en-train-de-preparer\/","title":{"rendered":"Tunisie \u2013 Le coup fumant que Ka\u00efs Sa\u00efed est en train de pr\u00e9parer"},"content":{"rendered":"<div class=\"post-cont-in left relative\">\n<div id=\"post-info-wrap\" class=\"left relative post-info-out\">\n<div class=\"post-info-img left relative\"><img decoding=\"async\" alt=\"\" src=\"https:\/\/secure.gravatar.com\/avatar\/9f10b5e5a102bf8cc0ebfb84f5ab5652?s=50&amp;d=mm&amp;r=g\" srcset=\"https:\/\/secure.gravatar.com\/avatar\/9f10b5e5a102bf8cc0ebfb84f5ab5652?s=100&amp;d=mm&amp;r=g 2x\" class=\"avatar avatar-50 photo\" height=\"50\" width=\"50\" loading=\"lazy\"\/><\/div>\n<div class=\"post-info-in\">\n<div class=\"post-info-right left relative post-info-name left relative\"><span><span class=\"post-info-text\">Par<\/span> <span class=\"author-name vcard fn author\"><a href=\"https:\/\/www.tunisienumerique.com\/author\/ramsis\/\" title=\"Articles par Ramsis\" rel=\"author\">Ramsis<\/a><\/span><\/span> <span class=\"post-date updated\"><time class=\"post-date updated\" datetime=\"2021-05-01\">\u00a0| Il y a 10 minutes<\/time><\/span><br \/>\n<meta itemprop=\"dateModified\" content=\"2021-05-01\"\/><\/div>\n<div class=\"left relative\"><button id=\"listenButton1\" class=\"responsivevoice-button\" type=\"button\" value=\"Play\" title=\"\u00c9coutez l'article\"><span>\ud83d\udd0a \u00c9coutez l&rsquo;article<\/span><\/button>\n<\/div>\n<\/div>\n<\/div>\n<p>Le pr\u00e9sident de la R\u00e9publique, Ka\u00efs Sa\u00efed, s\u2019est \u00e9clips\u00e9 de la vie publique, depuis plusieurs jours. Une retraite qui a, <a href=\"https:\/\/www.tunisienumerique.com\/tunisie-ou-est-passe-kais-saied-et-ou-en-est-on-avec-ses-missiles\/\" target=\"_blank\" rel=\"noopener\">comme l\u2019avait annonc\u00e9 TunisieNumerique,<\/a> donn\u00e9 une certaine satisfaction \u00e0 ses d\u00e9tracteurs qui le croyaient \u00ab\u00a0sonn\u00e9\u00a0\u00bb par leurs attaques, et qui pensaient pouvoir profiter de l\u2019espace qu\u2019il leur laisse, pour prendre un ascendant sur lui, mais une retraite qui a, aussi, suscit\u00e9 des craintes et une certaine appr\u00e9hension, chez les plus sens\u00e9s d\u2019entre ses d\u00e9tracteurs qui connaissent l\u2019opini\u00e2tret\u00e9 du personnage et qui redoutaient ce qu\u2019il pourrait bien, \u00eatre en train de leur pr\u00e9parer.<\/p>\n<div class=\"code-block code-block-1 c4\">\n <ins class=\"adsbygoogle c3\" data-ad-layout=\"in-article\" data-ad-format=\"fluid\" data-ad-client=\"ca-pub-2102118777505746\" data-ad-slot=\"7301775417\"\/>\n<\/div>\n<p>En r\u00e9alit\u00e9, ces derniers ont eu raison de se m\u00e9fier de cette \u00ab\u00a0absence\u00a0\u00bb, que le pr\u00e9sident de la R\u00e9publique aurait mise \u00e0 profit pour finaliser, dit-on dans l\u2019entourage du Palais de Carthage, un coup qu\u2019il va, incessamment, ass\u00e9ner \u00e0 ses ennemis. Et il semble qu\u2019il n\u2019a pas l\u2019intention d\u2019y aller en douceur. Rien qu\u2019\u00e0 se rem\u00e9morer les derniers propos qu\u2019il a eus avec les hauts cadres et les officiers sup\u00e9rieurs du minist\u00e8re de l\u2019int\u00e9rieur, quand il leur demandait de se tenir pr\u00eat pour \u00ab\u00a0une grande bataille\u00a0\u00bb, et quand on apprend qu\u2019il a choisi d\u2019aller \u00e0 Kasserine pour rompre me je\u00fbne avec les militaires \u00e0 Jebel Sammama, on comprend qu\u2019il entend revendiquer son statut de chef supr\u00eame des forces arm\u00e9es civiles et militaires, et qu\u2019il compte utiliser ce statut pour faire la guerre \u00e0 ses ennemis, ou aux ennemis du pays, comme il les consid\u00e8re.<\/p>\n<p>Et selon les indiscr\u00e9tions des coulisses de Carthage, Ka\u00efs Sa\u00efed serait en train de pr\u00e9parer un coup fort. Il a l\u2019intention de crier \u00ab\u00a0Vous avez dit qu\u2019il y en avait assez des discours, et vous voulez des actes\u2026 Eh bien, vous allez en avoir, des actes\u00a0\u00bb\u00a0! Et Sa\u00efed est en train de se pr\u00e9parer \u00e0 lancer une grande offensive contre ceux qu\u2019il consid\u00e8re comme le mal qui ronge le pays, \u00e0 savoir la classe politique corrompue et les lobbys qui la soutiennent.<\/p>\n<p>Et parmi les premiers dossiers que Sa\u00efed est en train de se pr\u00e9parer \u00e0 lancer, sera, d\u2019apr\u00e8s ces m\u00eames sources, le fameux et fumant, dossier des milliers milliards d\u00e9tourn\u00e9s depuis 2011 par ceux qui sont, en ce moment, m\u00eame, aux commandes du pays\u00a0!<\/p>\n<div class=\"swp_social_panel swp_horizontal_panel swp_flat_fresh swp_default_full_color swp_individual_full_color swp_other_full_color scale-100 scale-\" data-min-width=\"1100\" data-float-color=\"#ffffff\" data-float=\"bottom\" data-float-mobile=\"bottom\" data-transition=\"slide\">\n<div class=\"nc_tweetContainer swp_share_button total_shares total_sharesalt\"><span class=\"swp_count\">27 <span class=\"swp_label\">Partages<\/span><\/span><\/div>\n<\/div>\n<p><strong>Que se passe-t-il en Tunisie?<\/strong><br \/>Nous expliquons sur notre <a href=\"https:\/\/www.youtube.com\/channel\/UCRzypVq0B_yBad5eGrwBx0Q?sub_confirmation=1\" target=\"_blank\" rel=\"noopener\">cha\u00eene YouTube<\/a> . <a href=\"https:\/\/www.youtube.com\/channel\/UCRzypVq0B_yBad5eGrwBx0Q?sub_confirmation=1\" target=\"_blank\" rel=\"noopener\">Abonnez-vous!<\/a><\/p>\n<div class=\"mvp-org-wrap\" itemprop=\"publisher\">\n<div class=\"mvp-org-logo\" itemprop=\"logo\"><img decoding=\"async\" src=\"https:\/\/www.tunisienumerique.com\/wp-content\/uploads\/2017\/02\/logo_tunisie_numerique.png\"\/><br \/>\n<meta itemprop=\"url\" content=\"https:\/\/www.tunisienumerique.com\/wp-content\/uploads\/2017\/02\/logo_tunisie_numerique.png\"\/><\/div>\n<p><meta content=\"Tunisie\"\/><\/div>\n<div class=\"mvp-related-posts left relative\">\n<h4 class=\"post-header\"><span class=\"post-header\">Lire aussi<\/span><\/h4>\n<\/div>\n<div id=\"article-ad\">\n <ins class=\"adsbygoogle c5\" data-ad-client=\"ca-pub-2102118777505746\" data-ad-slot=\"6513972734\" data-ad-format=\"auto\" data-full-width-responsive=\"true\"\/>\n<\/div>\n<\/div>\n<div id=\"post-sidebar-wrap\">\n <ins class=\"adsbygoogle c5\" data-ad-client=\"ca-pub-2102118777505746\" data-ad-slot=\"6168283410\" data-ad-format=\"auto\" data-full-width-responsive=\"true\"\/>\n<\/div>\n<p>Auteur: Ramsis<br \/>\n<a href=\"https:\/\/www.tunisienumerique.com\/tunisie-le-coup-fumant-que-kais-saied-est-en-train-de-preparer\/\">Cliquez ici pour lire l&rsquo;article depuis sa source.<\/a><\/p>\n","protected":false},"excerpt":{"rendered":"<p>Par Ramsis \u00a0| Il y a 10 minutes \ud83d\udd0a \u00c9coutez l&rsquo;article Le pr\u00e9sident de la R\u00e9publique, Ka\u00efs Sa\u00efed, s\u2019est \u00e9clips\u00e9 de la vie publique, depuis plusieurs jours. Une retraite qui a, comme l\u2019avait annonc\u00e9 TunisieNumerique, donn\u00e9 une certaine satisfaction \u00e0 ses d\u00e9tracteurs qui le croyaient \u00ab\u00a0sonn\u00e9\u00a0\u00bb par leurs attaques, et qui pensaient pouvoir profiter de [&hellip;]<\/p>\n","protected":false},"author":1789,"featured_media":0,"comment_status":"closed","ping_status":"closed","sticky":false,"template":"","format":"standard","meta":{"fifu_image_url":"https:\/\/secure.gravatar.com\/avatar\/9f10b5e5a102bf8cc0ebfb84f5ab5652?s=50&d=mm&r=g","fifu_image_alt":"Tunisie \u2013 Le coup fumant que Ka\u00efs Sa\u00efed est en train de pr\u00e9parer","footnotes":""},"categories":[73,55],"tags":[],"class_list":["post-115955","post","type-post","status-publish","format-standard","hentry","category-actualite","category-tunisie"],"_links":{"self":[{"href":"https:\/\/linitiative.ca\/International\/wp-json\/wp\/v2\/posts\/115955","targetHints":{"allow":["GET"]}}],"collection":[{"href":"https:\/\/linitiative.ca\/International\/wp-json\/wp\/v2\/posts"}],"about":[{"href":"https:\/\/linitiative.ca\/International\/wp-json\/wp\/v2\/types\/post"}],"author":[{"embeddable":true,"href":"https:\/\/linitiative.ca\/International\/wp-json\/wp\/v2\/users\/1789"}],"replies":[{"embeddable":true,"href":"https:\/\/linitiative.ca\/International\/wp-json\/wp\/v2\/comments?post=115955"}],"version-history":[{"count":0,"href":"https:\/\/linitiative.ca\/International\/wp-json\/wp\/v2\/posts\/115955\/revisions"}],"wp:attachment":[{"href":"https:\/\/linitiative.ca\/International\/wp-json\/wp\/v2\/media?parent=115955"}],"wp:term":[{"taxonomy":"category","embeddable":true,"href":"https:\/\/linitiative.ca\/International\/wp-json\/wp\/v2\/categories?post=115955"},{"taxonomy":"post_tag","embeddable":true,"href":"https:\/\/linitiative.ca\/International\/wp-json\/wp\/v2\/tags?post=115955"}],"curies":[{"name":"wp","href":"https:\/\/api.w.org\/{rel}","templated":true}]}}