{"id":115960,"date":"2021-05-01T06:18:02","date_gmt":"2021-05-01T10:18:02","guid":{"rendered":"https:\/\/linitiative.ca\/International\/katinan-kone-amnistie-dans-laffaire-casse-de-la-bceao-procureur\/"},"modified":"2021-05-01T06:18:02","modified_gmt":"2021-05-01T10:18:02","slug":"katinan-kone-amnistie-dans-laffaire-casse-de-la-bceao-procureur","status":"publish","type":"post","link":"https:\/\/linitiative.ca\/International\/katinan-kone-amnistie-dans-laffaire-casse-de-la-bceao-procureur\/","title":{"rendered":"Katinan Kon\u00e9 amnisti\u00e9  dans l\u2019affaire \u00ab\u00a0casse de la BCEAO\u00a0\u00bb (Procureur)"},"content":{"rendered":"<div readability=\"32\">\n<p>Publi\u00e9 le 01.05.2021 \u00e0 11h18 par APA News<\/p>\n<\/div>\n<div readability=\"61\">\n<p>L\u2019ex-ministre de Laurent Gbagbo qui a regagn\u00e9 Abidjan vendredi apr\u00e8s 10 ans d\u2019exil, \u00ab a \u00e9t\u00e9 amnisti\u00e9\u00bb dans l\u2019affaire dite \u00ab casse de la Banque centrale des \u00c9tats de l\u2019Afrique de l\u2019ouest (BCEAO)\u00bb.<\/p>\n<p>Selon le procureur de la R\u00e9publique Adou Richard Christophe, M. Katinan fait partie des 800 personnes amnisti\u00e9es par le pr\u00e9sident ivoirien Alassane le 06 ao\u00fbt 2018.\u00a0<\/p>\n<p>Katinan Kon\u00e9 avait \u00e9t\u00e9 condamn\u00e9 par la justice ivoirienne en janvier 2018 \u00e0 20 ans de prison assortie d\u2019une amende de 329 milliards FCFA \u00a0dans l\u2019affaire de \u00abcasse de la BCEAO\u00bb pendant la crise post\u00e9lectorale de 2010-2011.<\/p>\n<p>\u00a0\u00ab A part les militaires, les mercenaires et les groupes arm\u00e9s, je pense que tous ceux qui ne font pas partie de cette cat\u00e9gorie ont \u00e9t\u00e9 amnisti\u00e9s par le pr\u00e9sident de la R\u00e9publique. Et je pense que M. Kon\u00e9 Katinan fait partie de ceux-l\u00e0 \u00bb, a dit le procureur de la R\u00e9publique dans une conf\u00e9rence de presse r\u00e9pondant \u00e0 un journaliste.<\/p>\n<p>\u00a0Le 18 janvier 2018, le Tribunal d\u2019Abidjan a condamn\u00e9 Laurent Gbagbo, l\u2019ancien pr\u00e9sident ivoirien et trois de ses ministres dont Justin Katinan Kon\u00e9 \u00e0 20 ans de prison dans l\u2019affaire dite casse de la BCEAO pendant la crise post-\u00e9lectorale ivoirienne de 2010-2011.<\/p>\n<p>\u00a0Le 06 ao\u00fbt 2018, le pr\u00e9sident ivoirien a accord\u00e9 l\u2019amnistie \u00e0 800 personnes dont les condamnations sont li\u00e9es \u00e0 la crise post-\u00e9lectorale ivoirienne de 2010-2011.<\/p>\n<\/div>\n<p>Auteur: APA News<br \/>\n<a href=\"https:\/\/www.journalducameroun.com\/katinan-kone-amnistie-dans-laffaire-casse-de-la-bceao-procureur\/\">Cliquez ici pour lire l&rsquo;article depuis sa source.<\/a><\/p>\n","protected":false},"excerpt":{"rendered":"<p>Publi\u00e9 le 01.05.2021 \u00e0 11h18 par APA News L\u2019ex-ministre de Laurent Gbagbo qui a regagn\u00e9 Abidjan vendredi apr\u00e8s 10 ans d\u2019exil, \u00ab a \u00e9t\u00e9 amnisti\u00e9\u00bb dans l\u2019affaire dite \u00ab casse de la Banque centrale des \u00c9tats de l\u2019Afrique de l\u2019ouest (BCEAO)\u00bb. Selon le procureur de la R\u00e9publique Adou Richard Christophe, M. Katinan fait partie des [&hellip;]<\/p>\n","protected":false},"author":1965,"featured_media":0,"comment_status":"closed","ping_status":"closed","sticky":false,"template":"","format":"standard","meta":{"fifu_image_url":"","fifu_image_alt":"","footnotes":""},"categories":[73,82],"tags":[],"class_list":["post-115960","post","type-post","status-publish","format-standard","hentry","category-actualite","category-cameroun"],"_links":{"self":[{"href":"https:\/\/linitiative.ca\/International\/wp-json\/wp\/v2\/posts\/115960","targetHints":{"allow":["GET"]}}],"collection":[{"href":"https:\/\/linitiative.ca\/International\/wp-json\/wp\/v2\/posts"}],"about":[{"href":"https:\/\/linitiative.ca\/International\/wp-json\/wp\/v2\/types\/post"}],"author":[{"embeddable":true,"href":"https:\/\/linitiative.ca\/International\/wp-json\/wp\/v2\/users\/1965"}],"replies":[{"embeddable":true,"href":"https:\/\/linitiative.ca\/International\/wp-json\/wp\/v2\/comments?post=115960"}],"version-history":[{"count":0,"href":"https:\/\/linitiative.ca\/International\/wp-json\/wp\/v2\/posts\/115960\/revisions"}],"wp:attachment":[{"href":"https:\/\/linitiative.ca\/International\/wp-json\/wp\/v2\/media?parent=115960"}],"wp:term":[{"taxonomy":"category","embeddable":true,"href":"https:\/\/linitiative.ca\/International\/wp-json\/wp\/v2\/categories?post=115960"},{"taxonomy":"post_tag","embeddable":true,"href":"https:\/\/linitiative.ca\/International\/wp-json\/wp\/v2\/tags?post=115960"}],"curies":[{"name":"wp","href":"https:\/\/api.w.org\/{rel}","templated":true}]}}