{"id":115961,"date":"2021-05-01T07:18:01","date_gmt":"2021-05-01T11:18:01","guid":{"rendered":"https:\/\/linitiative.ca\/International\/cote-divoire-mali-la-gestion-des-ressources-naturelles-au-menu-dune-rencontre\/"},"modified":"2021-05-01T07:18:01","modified_gmt":"2021-05-01T11:18:01","slug":"cote-divoire-mali-la-gestion-des-ressources-naturelles-au-menu-dune-rencontre","status":"publish","type":"post","link":"https:\/\/linitiative.ca\/International\/cote-divoire-mali-la-gestion-des-ressources-naturelles-au-menu-dune-rencontre\/","title":{"rendered":"C\u00f4te d\u2019Ivoire\/Mali : la gestion des ressources naturelles au menu d\u2019une rencontre"},"content":{"rendered":"<div readability=\"32\">\n<p>Publi\u00e9 le 01.05.2021 \u00e0 12h18 par APA News<\/p>\n<\/div>\n<div readability=\"106\">\n<p>La gestion des ressources naturelles et la s\u00e9curit\u00e9 dans les zones frontali\u00e8res de la C\u00f4te d\u2019Ivoire et du Mali a \u00e9t\u00e9 au centre d\u2019une rencontre tenue dans la ville ivoirienne de Korhogo.<\/p>\n<p>Selon une note d\u2019information transmise \u00e0 APA, cette rencontre a r\u00e9uni le jeudi 29 avril dernier les autorit\u00e9s administratives foresti\u00e8res de la r\u00e9gion de Sikasso au Mali et des r\u00e9gions du Poro, de la Bagou\u00e9 et du Folon en C\u00f4te d\u2019Ivoire.<\/p>\n<p>Les participants ont fait un diagnostic de la probl\u00e9matique de la gestion des aires prot\u00e9g\u00e9es dans les espaces frontaliers entre la C\u00f4te d\u2019Ivoire et le Mali en proposant des solutions ad\u00e9quates et applicables.<\/p>\n<p>Le Coordonnateur r\u00e9gional de la GIZ au Programme Fronti\u00e8re de l\u2019Union Africaine (GIZ\/PFUA), G\u00e9r\u00f4me Dakouo, s\u2019est f\u00e9licit\u00e9 de la tenue de cette rencontre qui renforce la collaboration entre les deux pays. Elle constitue pour lui, un signal tr\u00e8s fort pour une gestion commune des aires prot\u00e9g\u00e9es et des for\u00eats.<\/p>\n<p>Il a souhait\u00e9 que ces rencontres se multiplient pour renforcer la coop\u00e9ration transfrontali\u00e8re entre la C\u00f4te d\u2019Ivoire et le Mali, r\u00e9it\u00e9rant l\u2019engagement de sa structure aupr\u00e8s des deux Etats dans leurs efforts de recherche commune aux probl\u00e8mes communs.<\/p>\n<p>A sa suite, Ladji Sogoba, le Directeur national des fronti\u00e8res du Mali a rappel\u00e9 que le Mali et la C\u00f4te d\u2019Ivoire sont li\u00e9s par l\u2019histoire et la g\u00e9ographie, cela depuis des si\u00e8cles.<\/p>\n<p>Pour sa part, le Secr\u00e9taire Ex\u00e9cutif de la Commission nationale des fronti\u00e8res de la C\u00f4te d\u2019Ivoire, Monsieur Diakalidia Konat\u00e9 a, au nom du Premier ministre de C\u00f4te d\u2019Ivoire, Pr\u00e9sident de ladite Commission, \u00a0souhait\u00e9 que le Mali et la C\u00f4te d\u2019Ivoire inscrivent dans leur priorit\u00e9 le renforcement de la coop\u00e9ration transfrontali\u00e8re dans toutes ses formes afin att\u00e9nuer les probl\u00e8mes de cohabitation.<\/p>\n<p>Il a soulign\u00e9 que la coop\u00e9ration s\u00e9curitaire et le d\u00e9veloppement des espaces frontaliers pourraient constituer de v\u00e9ritables solutions \u00e0 l\u2019ins\u00e9curit\u00e9, au radicalisme et \u00e0 l\u2019extr\u00e9misme violent auquel les deux pays font face aujourd\u2019hui. Par la suite, il a souhait\u00e9 plein succ\u00e8s \u00e0 la rencontre et d\u00e9clar\u00e9 ouverts les travaux.<\/p>\n<p>Il ressort des diff\u00e9rents \u00e9changes que pour une meilleure gestion des aires prot\u00e9g\u00e9es et des ressources naturelles aux fronti\u00e8res, l\u2019accent doit \u00eatre mis sur la coop\u00e9ration transfrontali\u00e8re et la mise en place d\u2019un cadre de coordination formel en tenant compte de la l\u00e9gislation des deux pays.<\/p>\n<p>Les participants ont aussi relev\u00e9 que la solution commune \u00e0 la violation r\u00e9currente des ressources naturelles et des aires prot\u00e9g\u00e9es r\u00e9side dans la prise en compte des us et cultures des populations respectives.<\/p>\n<p>Les participants ont formul\u00e9 \u00e0 l\u2019endroit des Etats, de rendre effective la couverture du r\u00e9seau t\u00e9l\u00e9phonique et audio-visuel dans les zones frontali\u00e8res, la cr\u00e9ation des groupements locaux de coop\u00e9ration transfrontali\u00e8re dans l\u2019espace transfrontalier.<\/p>\n<p>L\u2019\u00e9laboration d\u2019une convention locale de gestion des ressources naturelles transfrontali\u00e8res a \u00e9t\u00e9 \u00e9galement propos\u00e9e.<\/p>\n<p>Organis\u00e9e par le Secr\u00e9tariat de la Commission nationale des fronti\u00e8res de la C\u00f4te d\u2019Ivoire et la Direction nationale des fronti\u00e8res du Mali, avec l\u2019appui technique et financier de la GIZ\/PFUA , cette rencontre \u00a0fait suite aux incidents de plus en plus r\u00e9currents observ\u00e9s dans les aires prot\u00e9g\u00e9es aux fronti\u00e8res, notamment l\u2019exploitation abusive de la for\u00eat class\u00e9e de Sokourani.<\/p>\n<\/div>\n<p>Auteur: APA News<br \/>\n<a href=\"https:\/\/www.journalducameroun.com\/cote-divoire-mali-la-gestion-des-ressources-naturelles-au-menu-dune-rencontre\/\">Cliquez ici pour lire l&rsquo;article depuis sa source.<\/a><\/p>\n","protected":false},"excerpt":{"rendered":"<p>Publi\u00e9 le 01.05.2021 \u00e0 12h18 par APA News La gestion des ressources naturelles et la s\u00e9curit\u00e9 dans les zones frontali\u00e8res de la C\u00f4te d\u2019Ivoire et du Mali a \u00e9t\u00e9 au centre d\u2019une rencontre tenue dans la ville ivoirienne de Korhogo. Selon une note d\u2019information transmise \u00e0 APA, cette rencontre a r\u00e9uni le jeudi 29 avril [&hellip;]<\/p>\n","protected":false},"author":1965,"featured_media":0,"comment_status":"closed","ping_status":"closed","sticky":false,"template":"","format":"standard","meta":{"fifu_image_url":"","fifu_image_alt":"","footnotes":""},"categories":[73,82],"tags":[],"class_list":["post-115961","post","type-post","status-publish","format-standard","hentry","category-actualite","category-cameroun"],"_links":{"self":[{"href":"https:\/\/linitiative.ca\/International\/wp-json\/wp\/v2\/posts\/115961","targetHints":{"allow":["GET"]}}],"collection":[{"href":"https:\/\/linitiative.ca\/International\/wp-json\/wp\/v2\/posts"}],"about":[{"href":"https:\/\/linitiative.ca\/International\/wp-json\/wp\/v2\/types\/post"}],"author":[{"embeddable":true,"href":"https:\/\/linitiative.ca\/International\/wp-json\/wp\/v2\/users\/1965"}],"replies":[{"embeddable":true,"href":"https:\/\/linitiative.ca\/International\/wp-json\/wp\/v2\/comments?post=115961"}],"version-history":[{"count":0,"href":"https:\/\/linitiative.ca\/International\/wp-json\/wp\/v2\/posts\/115961\/revisions"}],"wp:attachment":[{"href":"https:\/\/linitiative.ca\/International\/wp-json\/wp\/v2\/media?parent=115961"}],"wp:term":[{"taxonomy":"category","embeddable":true,"href":"https:\/\/linitiative.ca\/International\/wp-json\/wp\/v2\/categories?post=115961"},{"taxonomy":"post_tag","embeddable":true,"href":"https:\/\/linitiative.ca\/International\/wp-json\/wp\/v2\/tags?post=115961"}],"curies":[{"name":"wp","href":"https:\/\/api.w.org\/{rel}","templated":true}]}}