{"id":115962,"date":"2021-05-01T07:18:02","date_gmt":"2021-05-01T11:18:02","guid":{"rendered":"https:\/\/linitiative.ca\/International\/covid-19-875-travailleurs-ivoiriens-dune-centrale-syndicale-vaccines\/"},"modified":"2021-05-01T07:18:02","modified_gmt":"2021-05-01T11:18:02","slug":"covid-19-875-travailleurs-ivoiriens-dune-centrale-syndicale-vaccines","status":"publish","type":"post","link":"https:\/\/linitiative.ca\/International\/covid-19-875-travailleurs-ivoiriens-dune-centrale-syndicale-vaccines\/","title":{"rendered":"Covid-19: 875 travailleurs ivoiriens d\u2019une centrale syndicale vaccin\u00e9s"},"content":{"rendered":"<div readability=\"32\">\n<p>Publi\u00e9 le 01.05.2021 \u00e0 12h18 par APA News<\/p>\n<\/div>\n<div readability=\"86\">\n<p>Plus de 875 travailleurs de la Centrale syndicale Humanisme ont re\u00e7u en quatre jours au moins une dose d\u2019AstraZeneca, l\u2019unique vaccin contre la Covid-19 en C\u00f4te d\u2019Ivoire.<\/p>\n<p>Ces doses ont \u00e9t\u00e9 administr\u00e9es lors d\u2019une campagne de sensibilisation lanc\u00e9e depuis le 28 avril 2021 \u00e0 travers le pays, a dit vendredi \u00e0 la presse le secr\u00e9taire g\u00e9n\u00e9ral de Humanisme, Mamadou Soro qui a appel\u00e9 l\u2019ensemble des travailleurs, des travailleuses et les populations \u00e0 aller se faire vacciner pour \u00e9radiquer la Covid-19 en C\u00f4te d\u2019Ivoire.\u00a0<\/p>\n<p>\u00ab\u00a0Nous notons qu\u2019il y a des r\u00e9ticences injustifi\u00e9es; certains disent que le vaccin ne serait pas bon, or l\u2019OMS, avec son process a valid\u00e9 tous les vaccins mis en ex\u00e9cution\u00a0\u00bb, a-t-il d\u00e9clar\u00e9.<\/p>\n<p>Ce vaccin, AstraZeneca, \u00ab\u00a0je l\u2019ai fait. J\u2019ai pris ma premi\u00e8re dose le 17 mars 2021 et la deuxi\u00e8me dose le 14 avril 2021\u00a0\u00bb, a-t-il rassur\u00e9.\u00a0<\/p>\n<p>Pour lui, devant cette pand\u00e9mie d\u00e9vastatrice qui a d\u00e9cim\u00e9 des vies \u00e0 travers la plan\u00e8te, et qui met en p\u00e9ril la stabilit\u00e9 des emplois, il est opportun de se faire vacciner.\u00a0<\/p>\n<p>\u00ab\u00a0Plus vite nous allons nous vacciner, plus vite nous mettrons fin \u00e0 la propagation de la Covid-19, mais plus vite nous irons vers son \u00e9radication\u00a0\u00bb, a-t-il poursuivi.<\/p>\n<p>Selon le secr\u00e9taire g\u00e9n\u00e9ral de la centrale syndicale Humanisme, depuis mars 2020, o\u00f9 le premier cas de Covid-19 a \u00e9t\u00e9 d\u00e9tect\u00e9 en C\u00f4te d\u2019Ivoire, la question de l\u2019emploi est devenue instable.\u00a0<\/p>\n<p>Il a fait observer que la campagne de vaccination organis\u00e9e ce jour au Centre hospitalier universitaire de Cocody, dans l\u2019Est d\u2019Abidjan, vise \u00e0 saluer le personnel du secteur de la sant\u00e9 qui combat en premi\u00e8re ligne cette maladie.\u00a0<\/p>\n<p>La centrale syndicale Humanisme regroupe les organisations professionnelles des travailleurs et travailleuses de 23 secteurs d\u2019activit\u00e9s en C\u00f4te d\u2019Ivoire. \u00a0<\/p>\n<p>La C\u00f4te d\u2019Ivoire enregistre plus de 46.000 cas confirm\u00e9s de Covid-19 dont plus de 45.500 sont gu\u00e9ris. Le pays compte par ailleurs plus de 220 cas actifs \u00e0 ce jour et 286 d\u00e9c\u00e8s. \u00a0<\/p>\n<\/div>\n<p>Auteur: APA News<br \/>\n<a href=\"https:\/\/www.journalducameroun.com\/covid-19-875-travailleurs-ivoiriens-dune-centrale-syndicale-vaccines\/\">Cliquez ici pour lire l&rsquo;article depuis sa source.<\/a><\/p>\n","protected":false},"excerpt":{"rendered":"<p>Publi\u00e9 le 01.05.2021 \u00e0 12h18 par APA News Plus de 875 travailleurs de la Centrale syndicale Humanisme ont re\u00e7u en quatre jours au moins une dose d\u2019AstraZeneca, l\u2019unique vaccin contre la Covid-19 en C\u00f4te d\u2019Ivoire. Ces doses ont \u00e9t\u00e9 administr\u00e9es lors d\u2019une campagne de sensibilisation lanc\u00e9e depuis le 28 avril 2021 \u00e0 travers le pays, [&hellip;]<\/p>\n","protected":false},"author":1965,"featured_media":0,"comment_status":"closed","ping_status":"closed","sticky":false,"template":"","format":"standard","meta":{"fifu_image_url":"","fifu_image_alt":"","footnotes":""},"categories":[73,82],"tags":[],"class_list":["post-115962","post","type-post","status-publish","format-standard","hentry","category-actualite","category-cameroun"],"_links":{"self":[{"href":"https:\/\/linitiative.ca\/International\/wp-json\/wp\/v2\/posts\/115962","targetHints":{"allow":["GET"]}}],"collection":[{"href":"https:\/\/linitiative.ca\/International\/wp-json\/wp\/v2\/posts"}],"about":[{"href":"https:\/\/linitiative.ca\/International\/wp-json\/wp\/v2\/types\/post"}],"author":[{"embeddable":true,"href":"https:\/\/linitiative.ca\/International\/wp-json\/wp\/v2\/users\/1965"}],"replies":[{"embeddable":true,"href":"https:\/\/linitiative.ca\/International\/wp-json\/wp\/v2\/comments?post=115962"}],"version-history":[{"count":0,"href":"https:\/\/linitiative.ca\/International\/wp-json\/wp\/v2\/posts\/115962\/revisions"}],"wp:attachment":[{"href":"https:\/\/linitiative.ca\/International\/wp-json\/wp\/v2\/media?parent=115962"}],"wp:term":[{"taxonomy":"category","embeddable":true,"href":"https:\/\/linitiative.ca\/International\/wp-json\/wp\/v2\/categories?post=115962"},{"taxonomy":"post_tag","embeddable":true,"href":"https:\/\/linitiative.ca\/International\/wp-json\/wp\/v2\/tags?post=115962"}],"curies":[{"name":"wp","href":"https:\/\/api.w.org\/{rel}","templated":true}]}}