{"id":115964,"date":"2021-05-01T13:18:02","date_gmt":"2021-05-01T17:18:02","guid":{"rendered":"https:\/\/linitiative.ca\/International\/fete-du-travail-800-millions-fcfa-aux-syndicats-actifs-en-cote-divoire\/"},"modified":"2021-05-01T13:18:02","modified_gmt":"2021-05-01T17:18:02","slug":"fete-du-travail-800-millions-fcfa-aux-syndicats-actifs-en-cote-divoire","status":"publish","type":"post","link":"https:\/\/linitiative.ca\/International\/fete-du-travail-800-millions-fcfa-aux-syndicats-actifs-en-cote-divoire\/","title":{"rendered":"F\u00eate du travail: 800 millions FCFA aux \u00ab\u00a0syndicats actifs\u00a0\u00bb en C\u00f4te d\u2019Ivoire"},"content":{"rendered":"<div readability=\"32\">\n<p>Publi\u00e9 le 01.05.2021 \u00e0 18h18 par APA News<\/p>\n<\/div>\n<div readability=\"136\">\n<p>Le Premier ministre ivoirien, Patrick Achi, a annonc\u00e9 samedi l\u2019octroi par le chef de l\u2019Etat Alassane Ouattara d\u2019une subvention de 800 millions Fcfa aux \u00ab\u00a0syndicats actifs\u00a0\u00bb pour l\u2019ann\u00e9e 2021.<\/p>\n<p>Il a fait l\u2019annonce lors d\u2019une c\u00e9r\u00e9monie de c\u00e9l\u00e9bration de la F\u00eate du travail. \u00ab\u00a0J\u2019ai l\u2019honneur de vous annoncer que le pr\u00e9sident de la R\u00e9publique qui salue particuli\u00e8rement l\u2019\u00e9coute et le respect des engagements, a autoris\u00e9 le versement de la subvention de 800 millions Fcfa aux syndicats actifs au titre de l\u2019ann\u00e9e 2021\u00a0\u00bb, a dit M. Patrick Achi.\u00a0<\/p>\n<p>L\u2019objectif premier du gouvernement demeure \u00ab\u00a0\u0153uvrer ensemble pour trouver des solutions efficaces aux difficult\u00e9s qui peuvent perturber la fluidit\u00e9 et la s\u00e9r\u00e9nit\u00e9 du climat social, socle indispensable du d\u00e9veloppement acc\u00e9l\u00e9r\u00e9 d\u2019une C\u00f4te d\u2019Ivoire toujours plus solidaire\u00a0\u00bb, a-t-il dit.<\/p>\n<p>\u00ab\u00a0Nous avons \u00e9cout\u00e9 avec une grande attention toutes vos dol\u00e9ances et vos revendications; \u00a0j\u2019ai instruit le ministre en charge de l\u2019Emploi de vous recevoir dans les prochaines semaines afin d\u2019examiner ensemble dans le d\u00e9tail, chacune des questions et pr\u00e9occupations\u00a0\u00bb, a jout\u00e9 M. Achi.<\/p>\n<p>Il a fait observer que les efforts accomplis ces derni\u00e8res ann\u00e9es ont permis \u00e0 la C\u00f4te d\u2019Ivoire d\u2019afficher un taux de croissance du Produit int\u00e9rieur brut (PIB) \u00e0 plus de 8% par an sur la p\u00e9riode 2012-2019, mais avec la pand\u00e9mie de Covid-19, le pays a atteint un taux de pr\u00e8s de 2%.<\/p>\n<p>M. Patrick Achi a soulign\u00e9 que \u00ab\u00a0la C\u00f4te d\u2019Ivoire est r\u00e9solument engag\u00e9e dans le cadre du dialogue social tripartite gouvernement-employeur-travailleurs \u00e0 poursuivre encore ses efforts pour cr\u00e9er massivement des emplois, plus particuli\u00e8rement pour les jeunes et promouvoir le travail d\u00e9cent\u00a0\u00bb.<\/p>\n<p>En ce qui concerne les employeurs, il a assur\u00e9 que le gouvernement poursuivra l\u2019am\u00e9lioration de l\u2019environnement des affaires et \u00e0 la comp\u00e9titivit\u00e9 de l\u2019\u00e9conomie pour lib\u00e9rer tout le potentiel de cr\u00e9ation de richesses. \u00a0 \u00a0<\/p>\n<p>Gr\u00e2ce au Programme social du gouvernement, ce sont plus de 121 000 opportunit\u00e9s d\u2019emplois, de d\u00e9veloppement de comp\u00e9tences, de stages et de financement de projets qui ont \u00e9t\u00e9 cr\u00e9\u00e9s sur un objectif de 127 000 sur la p\u00e9riode 2019-2020, en d\u00e9pit de la Covid-19.\u00a0<\/p>\n<p>Presque 880 000 emplois formels ont \u00e9t\u00e9 par ailleurs cr\u00e9es sur la p\u00e9riode de 2011 \u00e0 2020 dont 120 000 emplois cr\u00e9\u00e9s pour la seule ann\u00e9e de 2020. Dans cet \u00e9lan, le gouvernement entend acc\u00e9l\u00e9rer la dynamique de cr\u00e9ation d\u2019emplois.<\/p>\n<p>Les syndicats ont \u00e9voqu\u00e9 la question de la chert\u00e9 de la vie. En r\u00e9ponse, le chef du gouvernement a indiqu\u00e9 que son Cabinet est regardant sur ce sujet, c\u2019est pourquoi il a \u00e9t\u00e9 mis en place un Conseil national de lutte contre la vie ch\u00e8re et la mise en place de la Couverture maladie universelle. \u00a0<\/p>\n<p>Cette f\u00eate du travail se tient dans un contexte de Covid-19. Le secr\u00e9taire g\u00e9n\u00e9ral de la Centrale syndicale Humanisme, Mamadou Soro, a appel\u00e9 le gouvernement \u00e0 une \u00ab\u00a0classification de la Covid-19 dans la cat\u00e9gorie des maladies professionnelles, ce qui permettrait d\u2019offrir une protection accrue aux travailleurs\u00a0\u00bb.<\/p>\n<p>Pour lui, cela permettra de donner acc\u00e8s \u00e0 des fonds de compensation aux familles des travailleurs morts au travail et \u00e0 toute personne infect\u00e9e par la Covid-19 sur son lieu de travail. Avec cette crise sanitaire, l\u2019on d\u00e9plore \u00ab\u00a0plus de 1,825 million d\u2019emplois perdus\u00a0\u00bb.\u00a0<\/p>\n<p>M. Soro a appel\u00e9 l\u2019ensemble des travailleurs \u00e0 aller \u00ab\u00a0instamment\u00a0\u00bb se faire vacciner contre la Covid-19 pour se prot\u00e9ger, prot\u00e9ger leurs proches et s\u2019am\u00e9nager une vie normale pour profiter des fruits de la croissance dont ils sont les v\u00e9ritables producteurs.\u00a0<\/p>\n<p>Quant \u00e0 la Conf\u00e9d\u00e9ration g\u00e9n\u00e9rale de la \u00ab\u00a0FESACI\u00a0\u00bb, repr\u00e9sent\u00e9e par le colonel Mamadou Dohia Traor\u00e9, elle demand\u00e9 \u00e0 l\u2019Etat d\u2019inscrire au budget de l\u2019Etat la subvention annuelle allou\u00e9e aux centrales syndicales afin que cela soit institutionnalis\u00e9 et revaloris\u00e9.\u00a0<\/p>\n<p>Le colonel Dohia Traor\u00e9 a souhait\u00e9 que, dans le secteur public, le processus d\u2019adoption de la r\u00e9forme du Statut g\u00e9n\u00e9ral de la Fonction publique soit finalis\u00e9, et que les discussions sur le minima cat\u00e9goriel soient ouvertes et le respect des syndiqu\u00e9s qui sont parfois combattus par des employeurs.\u00a0<\/p>\n<p>Une tr\u00eave sociale a \u00e9t\u00e9 sign\u00e9e en 2017 entre le gouvernement et les centrales syndicales, gr\u00e2ce \u00e0 cet accord qui a permis \u00e0 la C\u00f4te d\u2019Ivoire de sortir de la spirale de gr\u00e8ve. M. Patrick Achi, lui, veut entretenir un dialogue soutenu avec les syndicats pour apporter les solutions selon le budget de l\u2019Etat dans ce contexte de Covid-19.\u00a0<\/p>\n<\/div>\n<p>Auteur: APA News<br \/>\n<a href=\"https:\/\/www.journalducameroun.com\/fete-du-travail-800-millions-fcfa-aux-syndicats-actifs-en-cote-divoire\/\">Cliquez ici pour lire l&rsquo;article depuis sa source.<\/a><\/p>\n","protected":false},"excerpt":{"rendered":"<p>Publi\u00e9 le 01.05.2021 \u00e0 18h18 par APA News Le Premier ministre ivoirien, Patrick Achi, a annonc\u00e9 samedi l\u2019octroi par le chef de l\u2019Etat Alassane Ouattara d\u2019une subvention de 800 millions Fcfa aux \u00ab\u00a0syndicats actifs\u00a0\u00bb pour l\u2019ann\u00e9e 2021. Il a fait l\u2019annonce lors d\u2019une c\u00e9r\u00e9monie de c\u00e9l\u00e9bration de la F\u00eate du travail. \u00ab\u00a0J\u2019ai l\u2019honneur de vous [&hellip;]<\/p>\n","protected":false},"author":1965,"featured_media":0,"comment_status":"closed","ping_status":"closed","sticky":false,"template":"","format":"standard","meta":{"fifu_image_url":"","fifu_image_alt":"","footnotes":""},"categories":[73,82],"tags":[],"class_list":["post-115964","post","type-post","status-publish","format-standard","hentry","category-actualite","category-cameroun"],"_links":{"self":[{"href":"https:\/\/linitiative.ca\/International\/wp-json\/wp\/v2\/posts\/115964","targetHints":{"allow":["GET"]}}],"collection":[{"href":"https:\/\/linitiative.ca\/International\/wp-json\/wp\/v2\/posts"}],"about":[{"href":"https:\/\/linitiative.ca\/International\/wp-json\/wp\/v2\/types\/post"}],"author":[{"embeddable":true,"href":"https:\/\/linitiative.ca\/International\/wp-json\/wp\/v2\/users\/1965"}],"replies":[{"embeddable":true,"href":"https:\/\/linitiative.ca\/International\/wp-json\/wp\/v2\/comments?post=115964"}],"version-history":[{"count":0,"href":"https:\/\/linitiative.ca\/International\/wp-json\/wp\/v2\/posts\/115964\/revisions"}],"wp:attachment":[{"href":"https:\/\/linitiative.ca\/International\/wp-json\/wp\/v2\/media?parent=115964"}],"wp:term":[{"taxonomy":"category","embeddable":true,"href":"https:\/\/linitiative.ca\/International\/wp-json\/wp\/v2\/categories?post=115964"},{"taxonomy":"post_tag","embeddable":true,"href":"https:\/\/linitiative.ca\/International\/wp-json\/wp\/v2\/tags?post=115964"}],"curies":[{"name":"wp","href":"https:\/\/api.w.org\/{rel}","templated":true}]}}