{"id":115966,"date":"2021-05-01T10:36:14","date_gmt":"2021-05-01T14:36:14","guid":{"rendered":"https:\/\/linitiative.ca\/International\/creation-demplois-les-crises-etouffent-219-000-espoirs-demplois-en-2020\/"},"modified":"2021-05-01T10:36:14","modified_gmt":"2021-05-01T14:36:14","slug":"creation-demplois-les-crises-etouffent-219-000-espoirs-demplois-en-2020","status":"publish","type":"post","link":"https:\/\/linitiative.ca\/International\/creation-demplois-les-crises-etouffent-219-000-espoirs-demplois-en-2020\/","title":{"rendered":"Cr\u00e9ation d\u2019emplois : les crises \u00e9touffent 219 000 espoirs d\u2019emplois en 2020"},"content":{"rendered":"<p>550 000 emplois. Tel \u00e9tait l\u2019objectif de d\u00e9part fix\u00e9 par le Premier ministre, Joseph Dion Ngute, lors de la pr\u00e9sentation du programme \u00e9conomique, financier, social, culturel du gouvernement pour l\u2019exercice 2020 devant le Parlement, le 29 novembre 2019. A l\u2019arriv\u00e9e, il faudra se contenter de 330 903 emplois cr\u00e9\u00e9s par l\u2019\u00e9conomie moderne au Cameroun l\u2019ann\u00e9e derni\u00e8re, selon la compilation de l\u2019Observatoire national de l\u2019emploi et de la formation professionnelle (Onefop). La note de conjoncture sur l\u2019emploi au Cameroun en 2020 par cet organisme, publi\u00e9e fin mars 2021, fait ainsi ressortir un gap de 219 097 emplois entre les pr\u00e9visions et les r\u00e9alisations.<\/p>\n<p><strong>Lire aussi :<\/strong> <strong><a href=\"https:\/\/ecomatin.net\/cameroun-270-000-emplois-perdus-en-2020-a-cause-de-la-covid-19\/\">Cameroun : 270 000 emplois perdus en 2020 \u00e0 cause de la Covid-19<\/a><\/strong><\/p>\n<p>Ces emplois principalement ont \u00e9t\u00e9 cr\u00e9\u00e9s par les projets et programmes du budget d\u2019investissement public (BIP), soit 187 393 emplois (56,6%), les entreprises, pour 75 654 emplois (22,9%), le service public d\u2019emploi, avec 16 714 emplois (5,1%), les projets et programmes d\u2019insertion pour 15 353 emplois (4,6%), les coop\u00e9ratives, avec 11 574 emplois (3,5%), les collectivit\u00e9s territoriales d\u00e9centralis\u00e9es, pour 11 244 emplois (3,4%), l\u2019administration publique, avec 10 526 emplois (3,2%) et les ONG, pour 2445 emplois (0,7%).<\/p>\n<p>M\u00eame s\u2019ils restent la premi\u00e8re source d\u2019emplois, les Projets relevant du BIP affichent une contre performance remarquable. Le gouvernement tablait sur 273 958 \u201copportunit\u00e9s d\u2019emplois\u201d [ou \u00ab work opportunities (WO) \u00bb, en anglais, Ndlr]. C\u2019est le nombre d\u2019emplois permanents, temporaires et occasionnels susceptibles d\u2019\u00eatre cr\u00e9\u00e9s. L\u2019ex\u00e9cution de ces projets n\u2019a donc pas permis de concr\u00e9tiser 86 565 opportunit\u00e9s d\u2019emplois. Courant octobre 2020, le ministre de l\u2019Emploi et de la formation professionnelle (Minefop), Issa Tchiroma Bakary avait d\u00e9j\u00e0 revu \u00e0 la baisse ses estimations initiales de WO, les ramenant \u00e0 231 160. Au final, le bilan est plus m\u00e9diocre.<\/p>\n<p><strong>Lire aussi : <a href=\"https:\/\/ecomatin.net\/en-30-ans-le-fne-a-cree-plus-de-200-000-emplois-directs-et-indirects\/\">En 30 ans, le FNE a cr\u00e9\u00e9 plus de 200.000 emplois directs et indirects<\/a><\/strong><\/p>\n<p><strong>Le tertiaire en berne<\/strong><\/p>\n<p>Selon l\u2019Onefop, 102 039 emplois ont \u00e9t\u00e9 perdus en 2020 au total dans l\u2019\u00e9conomie moderne dont 98,6% dans les entreprises. En effet, la Note de conjoncture montre comme pertes d\u2019emplois : 384 pour les Projets et Programmes d\u2019insertion minist\u00e9riels, 158 pour les Collectivit\u00e9s Territoriales D\u00e9centralis\u00e9es (CTD), 744 emplois au sein des Coop\u00e9ratives, 132 pour les ONG et 100 621 dans les Entreprises. Les licenciements auraient constitu\u00e9 62,7% des pertes d\u2019emplois, suivi des d\u00e9missions (23,6%).<\/p>\n<p>Les pr\u00e9visions de la Banque mondiale men\u00e9e dans le cadre d\u2019une \u00e9tude pour l\u2019\u00e9laboration d\u2019un plan de r\u00e9ponses socio\u00e9conomiques contre la Covid-19 avait d\u00e9j\u00e0 pr\u00e9dit que dans un contexte de propagation de la pand\u00e9mie dans les villes et compte tenu des mesures prises par le gouvernement (distanciation sociale, fermeture des fronti\u00e8res, etc.) le secteur des services risque d\u2019\u00eatre le plus expos\u00e9 \u00e0 une perte d\u2019emplois dans la mesure o\u00f9 il est celui qui concerne plus les travailleurs (en moyenne 62% des emplois cr\u00e9\u00e9s dans l\u2019\u00e9conomie camerounaise l\u2019ont \u00e9t\u00e9 dans le secteur tertiaire au cours de la derni\u00e8re d\u00e9cennie).<\/p>\n<p><strong>Lire aussi<\/strong> : <strong><a href=\"https:\/\/ecomatin.net\/formation-emploi-le-gicam-denonce-la-formation-professionnelle\/\">Formation-emploi : le Gicam d\u00e9nonce la formation professionnelle<\/a><\/strong><\/p>\n<p>Auteur: Philipe NSOA<br \/>\n<a href=\"https:\/\/ecomatin.net\/creation-demplois-les-crises-etouffent-219-000-espoirs-demplois-en-2020\/\">Cliquez ici pour lire l&rsquo;article depuis sa source.<\/a><\/p>\n","protected":false},"excerpt":{"rendered":"<p>550 000 emplois. Tel \u00e9tait l\u2019objectif de d\u00e9part fix\u00e9 par le Premier ministre, Joseph Dion Ngute, lors de la pr\u00e9sentation du programme \u00e9conomique, financier, social, culturel du gouvernement pour l\u2019exercice 2020 devant le Parlement, le 29 novembre 2019. A l\u2019arriv\u00e9e, il faudra se contenter de 330 903 emplois cr\u00e9\u00e9s par l\u2019\u00e9conomie moderne au Cameroun l\u2019ann\u00e9e [&hellip;]<\/p>\n","protected":false},"author":1969,"featured_media":0,"comment_status":"closed","ping_status":"closed","sticky":false,"template":"","format":"standard","meta":{"fifu_image_url":"","fifu_image_alt":"","footnotes":""},"categories":[82,78],"tags":[],"class_list":["post-115966","post","type-post","status-publish","format-standard","hentry","category-cameroun","category-economie"],"_links":{"self":[{"href":"https:\/\/linitiative.ca\/International\/wp-json\/wp\/v2\/posts\/115966","targetHints":{"allow":["GET"]}}],"collection":[{"href":"https:\/\/linitiative.ca\/International\/wp-json\/wp\/v2\/posts"}],"about":[{"href":"https:\/\/linitiative.ca\/International\/wp-json\/wp\/v2\/types\/post"}],"author":[{"embeddable":true,"href":"https:\/\/linitiative.ca\/International\/wp-json\/wp\/v2\/users\/1969"}],"replies":[{"embeddable":true,"href":"https:\/\/linitiative.ca\/International\/wp-json\/wp\/v2\/comments?post=115966"}],"version-history":[{"count":0,"href":"https:\/\/linitiative.ca\/International\/wp-json\/wp\/v2\/posts\/115966\/revisions"}],"wp:attachment":[{"href":"https:\/\/linitiative.ca\/International\/wp-json\/wp\/v2\/media?parent=115966"}],"wp:term":[{"taxonomy":"category","embeddable":true,"href":"https:\/\/linitiative.ca\/International\/wp-json\/wp\/v2\/categories?post=115966"},{"taxonomy":"post_tag","embeddable":true,"href":"https:\/\/linitiative.ca\/International\/wp-json\/wp\/v2\/tags?post=115966"}],"curies":[{"name":"wp","href":"https:\/\/api.w.org\/{rel}","templated":true}]}}