{"id":115968,"date":"2021-05-02T07:03:16","date_gmt":"2021-05-02T11:03:16","guid":{"rendered":"https:\/\/linitiative.ca\/International\/habit-traditionnel-les-ventes-impactees-par-la-covid\/"},"modified":"2021-05-02T07:03:16","modified_gmt":"2021-05-02T11:03:16","slug":"habit-traditionnel-les-ventes-impactees-par-la-covid","status":"publish","type":"post","link":"https:\/\/linitiative.ca\/International\/habit-traditionnel-les-ventes-impactees-par-la-covid\/","title":{"rendered":"Habit traditionnel : Les ventes impact\u00e9es par la Covid"},"content":{"rendered":"<header>\n<\/header>\n<div class=\"entry-content clearfix\" readability=\"45\">\n<p><iframe loading=\"lazy\" width=\"536\" height=\"323\" src=\"\/\/www.youtube.com\/embed\/fN2mqW7aSgk?\" frameborder=\"0\" allowfullscreen=\"allowfullscreen\">[embedded content]<\/iframe><\/p>\n<p><span class=\"c7\"><strong>Le mois sacr\u00e9 de Ramadan est l\u2019occasion idoine pour porter l\u2019habit traditionnel.<\/strong><\/span><span id=\"more-375431\"\/><\/p>\n<p>Les marocains sont habitu\u00e9s, depuis toujours, \u00e0 changer leur garde-robe \u00ab beldi \u00bb en cette p\u00e9riode de l\u2019ann\u00e9e. Cette circonstance est \u00e9galement une occasion pour les professionnels d\u2019arrondir leur chiffre d\u2019affaires. Toutefois, la situation actuelle marqu\u00e9e par des restrictions sanitaires strictes, notamment le soir, freine l\u2019\u00e9lan de cette activit\u00e9.<\/p>\n<p>Les artisans et commer\u00e7ants du quartier Habous se sont livr\u00e9s \u00e0 Aujourd\u2019hui le Maroc et font part des difficult\u00e9s qu\u2019ils rencontrent en ce mois.<\/p>\n<p><strong>Reportage Chafik Arich<\/strong><\/p>\n<\/div>\n<p>Auteur: ALM<br \/>\n<a href=\"https:\/\/aujourdhui.ma\/videos\/habit-traditionnel-les-ventes-impactees-par-la-covid\">Cliquez ici pour lire l&rsquo;article depuis sa source.<\/a><\/p>\n","protected":false},"excerpt":{"rendered":"<p>[embedded content] Le mois sacr\u00e9 de Ramadan est l\u2019occasion idoine pour porter l\u2019habit traditionnel. Les marocains sont habitu\u00e9s, depuis toujours, \u00e0 changer leur garde-robe \u00ab beldi \u00bb en cette p\u00e9riode de l\u2019ann\u00e9e. Cette circonstance est \u00e9galement une occasion pour les professionnels d\u2019arrondir leur chiffre d\u2019affaires. Toutefois, la situation actuelle marqu\u00e9e par des restrictions sanitaires strictes, [&hellip;]<\/p>\n","protected":false},"author":1759,"featured_media":0,"comment_status":"closed","ping_status":"closed","sticky":false,"template":"","format":"standard","meta":{"fifu_image_url":"","fifu_image_alt":"","footnotes":""},"categories":[73,54],"tags":[],"class_list":["post-115968","post","type-post","status-publish","format-standard","hentry","category-actualite","category-maroc"],"_links":{"self":[{"href":"https:\/\/linitiative.ca\/International\/wp-json\/wp\/v2\/posts\/115968","targetHints":{"allow":["GET"]}}],"collection":[{"href":"https:\/\/linitiative.ca\/International\/wp-json\/wp\/v2\/posts"}],"about":[{"href":"https:\/\/linitiative.ca\/International\/wp-json\/wp\/v2\/types\/post"}],"author":[{"embeddable":true,"href":"https:\/\/linitiative.ca\/International\/wp-json\/wp\/v2\/users\/1759"}],"replies":[{"embeddable":true,"href":"https:\/\/linitiative.ca\/International\/wp-json\/wp\/v2\/comments?post=115968"}],"version-history":[{"count":0,"href":"https:\/\/linitiative.ca\/International\/wp-json\/wp\/v2\/posts\/115968\/revisions"}],"wp:attachment":[{"href":"https:\/\/linitiative.ca\/International\/wp-json\/wp\/v2\/media?parent=115968"}],"wp:term":[{"taxonomy":"category","embeddable":true,"href":"https:\/\/linitiative.ca\/International\/wp-json\/wp\/v2\/categories?post=115968"},{"taxonomy":"post_tag","embeddable":true,"href":"https:\/\/linitiative.ca\/International\/wp-json\/wp\/v2\/tags?post=115968"}],"curies":[{"name":"wp","href":"https:\/\/api.w.org\/{rel}","templated":true}]}}