{"id":115970,"date":"2021-05-02T11:31:49","date_gmt":"2021-05-02T15:31:49","guid":{"rendered":"https:\/\/linitiative.ca\/International\/1er-mai-sous-le-signe-de-la-pandemie-pour-les-partenaires-sociaux\/"},"modified":"2021-05-02T11:31:49","modified_gmt":"2021-05-02T15:31:49","slug":"1er-mai-sous-le-signe-de-la-pandemie-pour-les-partenaires-sociaux","status":"publish","type":"post","link":"https:\/\/linitiative.ca\/International\/1er-mai-sous-le-signe-de-la-pandemie-pour-les-partenaires-sociaux\/","title":{"rendered":"1er mai sous le signe de la pand\u00e9mie  pour les partenaires sociaux"},"content":{"rendered":"<figure class=\"post-thumbnail\" itemprop=\"associatedMedia\" itemscope=\"itemscope\" itemtype=\"http:\/\/schema.org\/ImageObject\"><img decoding=\"async\" class=\"post_layout_5_img\" src=\"http:\/\/aujourdhui.ma\/wp-content\/uploads\/2021\/04\/Syndicats.jpg\" alt=\"1er mai sous le signe de la pand\u00e9mie pour les partenaires sociaux\"\/><\/figure>\n<p><span class=\"c7\"><strong>Gouvernement, syndicats et patronat ont c\u00e9l\u00e9br\u00e9 la F\u00eate du travail<\/strong><\/span><\/p>\n<p>Les partenaires sociaux ont c\u00e9l\u00e9br\u00e9 une F\u00eate du travail \u00e0 distance pour la deuxi\u00e8me ann\u00e9e cons\u00e9cutive. Des c\u00e9l\u00e9brations profond\u00e9ment marqu\u00e9es par l\u2019impact de la pand\u00e9mie du Coronavirus sur les travailleurs. Les syndicats ont ainsi tr\u00e8s vite annonc\u00e9 la couleur. Pour le secr\u00e9taire g\u00e9n\u00e9ral de l\u2019Union marocaine du travail (UMT), Miloudi Moukharik, la crise sanitaire n\u2019est nullement un pr\u00e9texte pour porter atteinte aux droits de la classe ouvri\u00e8re. S\u2019exprimant \u00e0 l\u2019occasion de la journ\u00e9e internationale du travail c\u00e9l\u00e9br\u00e9e sous le signe \u00abEnsemble pour faire face aux r\u00e9gressions sociales et imposer le respect du droit syndical\u00bb, M. Moukharik a indiqu\u00e9 que \u00abces droits et acquis sont le fruit de la lutte et des efforts consentis par la classe ouvri\u00e8re\u00bb, faisant savoir que seul le gouvernement est responsable des politiques \u00e9conomiques qui contribuent \u00e0 \u00abaccentuer les disparit\u00e9s sociales et spatiales\u00bb.<\/p>\n<p>M\u00eame son de cloche chez la Conf\u00e9d\u00e9ration d\u00e9mocratique du travail (CDT) qui affirme poursuivre la lutte pour la r\u00e9alisation des revendications justes et l\u00e9gitimes de la classe ouvri\u00e8re, en particulier dans le contexte de la crise sociale engendr\u00e9e par la pand\u00e9mie du Coronavirus. A l\u2019occasion de la c\u00e9l\u00e9bration de la Journ\u00e9e internationale des travailleurs sous le slogan \u00abNon \u00e0 l\u2019exploitation de la conjoncture actuelle pour attenter aux droits, libert\u00e9s et acquis sociaux\u00bb, le bureau ex\u00e9cutif de la centrale syndicale a soulign\u00e9 que le 1er mai est c\u00e9l\u00e9br\u00e9 pour la deuxi\u00e8me ann\u00e9e cons\u00e9cutive dans une conjoncture exceptionnelle en raison de la crise sanitaire que conna\u00eet le pays \u00e0 l\u2019instar du reste du monde. De son c\u00f4t\u00e9, l\u2019Union g\u00e9n\u00e9rale des travailleurs du Maroc (UGTM) a appel\u00e9 le gouvernement \u00e0 acc\u00e9l\u00e9rer la mise en \u0153uvre de l\u2019ensemble de ses engagements contenus dans les accords sociaux des ann\u00e9es 2011 et 2019. Dans un appel lanc\u00e9 \u00e0 l\u2019occasion du 1er mai, la centrale syndicale a soulign\u00e9 la n\u00e9cessit\u00e9 de respecter les libert\u00e9s syndicales dans la l\u00e9gislation et la r\u00e9alit\u00e9, en adh\u00e9rant \u00e0 la Convention internationale du travail n\u00b0 87 et en harmonisant les lois nationales pour les rendre conformes aux normes internationales en la mati\u00e8re.<\/p>\n<p>Pour sa part, l\u2019Union nationale du travail au Maroc (UNTM) a appel\u00e9 samedi le gouvernement \u00e0 apporter son soutien aux cat\u00e9gories touch\u00e9es par la d\u00e9cision du couvre-feu nocturne instaur\u00e9 pendant le Ramadan pour lutter contre la propagation du nouveau Coronavirus. Dans un appel lanc\u00e9 \u00e0 l\u2019occasion du 1er mai c\u00e9l\u00e9br\u00e9 cette ann\u00e9e sous le signe \u00abUne lutte renouvel\u00e9e pour une justice sociale\u00bb, la centrale syndicale a r\u00e9it\u00e9r\u00e9 sa mobilisation pour l\u2019instauration d\u2019une justice sociale qui sauvegarde les droits des travailleurs marocains, consolide leurs acquis et garantit leur droit \u00e0 une vie d\u00e9cente. Par ailleurs, le pr\u00e9sident du patronat, Chakib Alj, a indiqu\u00e9 que la Conf\u00e9d\u00e9ration g\u00e9n\u00e9rale des entreprises du Maroc (CGEM) est mobilis\u00e9e pour soutenir les entreprises et les salari\u00e9s afin de d\u00e9passer la crise actuelle avec un minimum de d\u00e9g\u00e2ts.<\/p>\n<p>\u00ab\u00c0 cette occasion, j\u2019aimerais r\u00e9it\u00e9rer la mobilisation de la CGEM pour accompagner les entreprises et les salari\u00e9s \u00e0 d\u00e9passer la crise actuelle avec un minimum de d\u00e9g\u00e2ts, tout en veillant \u00e0 l\u2019am\u00e9lioration de leurs situations pour le bien de notre pays\u00bb, a dit M. Alj dans une d\u00e9claration \u00e0 la MAP. C\u00e9l\u00e9br\u00e9e chaque 1er mai, la F\u00eate du travail intervient cette ann\u00e9e dans un contexte sp\u00e9cial, a-t-il relev\u00e9, pr\u00e9cisant que d\u2019une part, elle co\u00efncide avec le d\u00e9marrage du chantier royal relatif \u00e0 la g\u00e9n\u00e9ralisation de la protection sociale et d\u2019autre part, avec le lancement du processus \u00e9lectoral des d\u00e9l\u00e9gu\u00e9s des salari\u00e9s. Enfin, le gouvernement a fait savoir par le biais du ministre du travail et de l\u2019insertion professionnelle, Mohamed Amekraz, que la classe ouvri\u00e8re, pilier du d\u00e9veloppement \u00e9conomique et de la cr\u00e9ation de la richesse, est au premier rang des priorit\u00e9s du gouvernement.<\/p>\n<p>Dans une allocution \u00e0 l\u2019occasion de la F\u00eate du travail, le ministre a expliqu\u00e9 que malgr\u00e9 la propagation de la pand\u00e9mie Covid-19 et son co\u00fbt \u00e9conomique et social, l\u2019Ex\u00e9cutif a maintenu la mise en \u0153uvre des m\u00e9canismes r\u00e9sultant du dialogue social tripartite du 25 avril 2019, en ex\u00e9cutant les tranches restantes des augmentations de salaires d\u00e9cid\u00e9es dans le secteur public, a soulign\u00e9 M. Amekraz, notant que la valeur globale des engagements financiers du gouvernement pour ledit accord a atteint 14,25 MMDH.<\/p>\n<p>Auteur: ALM<br \/>\n<a href=\"https:\/\/aujourdhui.ma\/actualite\/1er-mai-sous-le-signe-de-la-pandemie-pour-les-partenaires-sociaux\">Cliquez ici pour lire l&rsquo;article depuis sa source.<\/a><\/p>\n","protected":false},"excerpt":{"rendered":"<p>Gouvernement, syndicats et patronat ont c\u00e9l\u00e9br\u00e9 la F\u00eate du travail Les partenaires sociaux ont c\u00e9l\u00e9br\u00e9 une F\u00eate du travail \u00e0 distance pour la deuxi\u00e8me ann\u00e9e cons\u00e9cutive. Des c\u00e9l\u00e9brations profond\u00e9ment marqu\u00e9es par l\u2019impact de la pand\u00e9mie du Coronavirus sur les travailleurs. Les syndicats ont ainsi tr\u00e8s vite annonc\u00e9 la couleur. Pour le secr\u00e9taire g\u00e9n\u00e9ral de l\u2019Union [&hellip;]<\/p>\n","protected":false},"author":1759,"featured_media":0,"comment_status":"closed","ping_status":"closed","sticky":false,"template":"","format":"standard","meta":{"fifu_image_url":"http:\/\/aujourdhui.ma\/wp-content\/uploads\/2021\/04\/Syndicats.jpg","fifu_image_alt":"1er mai sous le signe de la pand\u00e9mie  pour les partenaires sociaux","footnotes":""},"categories":[73,54],"tags":[],"class_list":["post-115970","post","type-post","status-publish","format-standard","hentry","category-actualite","category-maroc"],"_links":{"self":[{"href":"https:\/\/linitiative.ca\/International\/wp-json\/wp\/v2\/posts\/115970","targetHints":{"allow":["GET"]}}],"collection":[{"href":"https:\/\/linitiative.ca\/International\/wp-json\/wp\/v2\/posts"}],"about":[{"href":"https:\/\/linitiative.ca\/International\/wp-json\/wp\/v2\/types\/post"}],"author":[{"embeddable":true,"href":"https:\/\/linitiative.ca\/International\/wp-json\/wp\/v2\/users\/1759"}],"replies":[{"embeddable":true,"href":"https:\/\/linitiative.ca\/International\/wp-json\/wp\/v2\/comments?post=115970"}],"version-history":[{"count":0,"href":"https:\/\/linitiative.ca\/International\/wp-json\/wp\/v2\/posts\/115970\/revisions"}],"wp:attachment":[{"href":"https:\/\/linitiative.ca\/International\/wp-json\/wp\/v2\/media?parent=115970"}],"wp:term":[{"taxonomy":"category","embeddable":true,"href":"https:\/\/linitiative.ca\/International\/wp-json\/wp\/v2\/categories?post=115970"},{"taxonomy":"post_tag","embeddable":true,"href":"https:\/\/linitiative.ca\/International\/wp-json\/wp\/v2\/tags?post=115970"}],"curies":[{"name":"wp","href":"https:\/\/api.w.org\/{rel}","templated":true}]}}