{"id":115972,"date":"2021-05-02T08:22:00","date_gmt":"2021-05-02T12:22:00","guid":{"rendered":"https:\/\/linitiative.ca\/International\/video-des-centaines-dagents-de-la-protection-civile-manifestent-a-alger\/"},"modified":"2021-05-02T08:22:00","modified_gmt":"2021-05-02T12:22:00","slug":"video-des-centaines-dagents-de-la-protection-civile-manifestent-a-alger","status":"publish","type":"post","link":"https:\/\/linitiative.ca\/International\/video-des-centaines-dagents-de-la-protection-civile-manifestent-a-alger\/","title":{"rendered":"[Vid\u00e9o] Des centaines d\u2019agents de la protection civile manifestent \u00e0 Alger"},"content":{"rendered":"<div id=\"originalText\" readability=\"61\">\n<p>Des centaines d\u2019agents de la protection civile ont march\u00e9, ce dimanche, vers leur direction g\u00e9n\u00e9rale, sise \u00e0 Hydra, sur les hauteurs d\u2019Alger.<\/p>\n<p><img decoding=\"async\" alt=\"\" src=\"\/data\/upload\/180573364_301586564754378_8673109054087457954_n.jpg\" class=\"c6\"\/><\/p>\n<p>Ils revendiquent essentiellement l\u2019 \u00ab octroi de la prime de contagion \u00bb, \u00e9tant donn\u00e9 \u00ab les\u00a0 dangers et les diverses maladies infectieuses \u00bb auxquels ils sont quotidiennement expos\u00e9s lors de leurs interventions, \u00a0\u00ab le versement de la prime Covid-19 promise par le pr\u00e9sident de la R\u00e9publique \u00bb, l\u2019\u00ab ajustement des heures de travail suppl\u00e9mentaires \u00bb,\u00a0 ainsi que \u00ab la mise en place d\u2019un syst\u00e8me de promotion en passant par le concours professionnel, tel que d\u00e9fini dans les statuts\u00bb.<\/p>\n<p><img decoding=\"async\" alt=\"\" src=\"\/data\/upload\/180098605_506513070723825_1625647450815079498_n(1).jpg\" class=\"c7\"\/><\/p>\n<p>Camp\u00e9s depuis midi \u00e0 l\u2019entr\u00e9e de leur direction g\u00e9n\u00e9rale, les agents de la protection civile refusent de d\u00e9signer un groupe pour discuter avec la tutelle, tant que leur repr\u00e9sentant, arr\u00eat\u00e9 ce matin par la police, n\u2019est pas lib\u00e9r\u00e9. Ils affirment ne plus reconnaitre leur section syndicale UGTA, qu\u2019ils accusent d\u2019\u00a0\u00ab\u00a0accointances avec l\u2019administration\u00a0\u00bb.<\/p>\n<p>A signaler que la marche qui s&rsquo;est \u00e9branl\u00e9e \u00e0 la Place du 1er Mai, a \u00e9t\u00e9 r\u00e9prim\u00e9e par la police.\u00a0Les forces de l&rsquo;ordre ont us\u00e9 de la bombe\u00a0lacrymog\u00e8ne contre les manifestants.\u00a0<\/p>\n<p><iframe loading=\"lazy\" allow=\"autoplay; clipboard-write; encrypted-media; picture-in-picture; web-share\" allowfullscreen=\"true\" frameborder=\"0\" height=\"314\" scrolling=\"no\" src=\"https:\/\/www.facebook.com\/plugins\/video.php?height=314&amp;href=https%3A%2F%2Fweb.facebook.com%2FJournaLiberteOfficiel%2Fvideos%2F2873043069600779%2F&amp;show_text=false&amp;width=560\" class=\"c8\" width=\"560\">[embedded content]<\/iframe><\/p>\n<p class=\"c9\"><strong>R\u00e9daction Web<\/strong><\/p>\n<\/div>\n<div id=\"text_core\" readability=\"61\">\n<p>Des centaines d\u2019agents de la protection civile ont march\u00e9, ce dimanche, vers leur direction g\u00e9n\u00e9rale, sise \u00e0 Hydra, sur les hauteurs d\u2019Alger.<\/p>\n<p><img decoding=\"async\" alt=\"\" src=\"\/data\/upload\/180573364_301586564754378_8673109054087457954_n.jpg\" class=\"c6\"\/><\/p>\n<p>Ils revendiquent essentiellement l\u2019 \u00ab octroi de la prime de contagion \u00bb, \u00e9tant donn\u00e9 \u00ab les\u00a0 dangers et les diverses maladies infectieuses \u00bb auxquels ils sont quotidiennement expos\u00e9s lors de leurs interventions, \u00a0\u00ab le versement de la prime Covid-19 promise par le pr\u00e9sident de la R\u00e9publique \u00bb, l\u2019\u00ab ajustement des heures de travail suppl\u00e9mentaires \u00bb,\u00a0 ainsi que \u00ab la mise en place d\u2019un syst\u00e8me de promotion en passant par le concours professionnel, tel que d\u00e9fini dans les statuts\u00bb.<\/p>\n<p><img decoding=\"async\" alt=\"\" src=\"\/data\/upload\/180098605_506513070723825_1625647450815079498_n(1).jpg\" class=\"c7\"\/><\/p>\n<p>Camp\u00e9s depuis midi \u00e0 l\u2019entr\u00e9e de leur direction g\u00e9n\u00e9rale, les agents de la protection civile refusent de d\u00e9signer un groupe pour discuter avec la tutelle, tant que leur repr\u00e9sentant, arr\u00eat\u00e9 ce matin par la police, n\u2019est pas lib\u00e9r\u00e9. Ils affirment ne plus reconnaitre leur section syndicale UGTA, qu\u2019ils accusent d\u2019\u00a0\u00ab\u00a0accointances avec l\u2019administration\u00a0\u00bb.<\/p>\n<p>A signaler que la marche qui s&rsquo;est \u00e9branl\u00e9e \u00e0 la Place du 1er Mai, a \u00e9t\u00e9 r\u00e9prim\u00e9e par la police.\u00a0Les forces de l&rsquo;ordre ont us\u00e9 de la bombe\u00a0lacrymog\u00e8ne contre les manifestants.\u00a0<\/p>\n<p><iframe loading=\"lazy\" allow=\"autoplay; clipboard-write; encrypted-media; picture-in-picture; web-share\" allowfullscreen=\"true\" frameborder=\"0\" height=\"314\" scrolling=\"no\" src=\"https:\/\/www.facebook.com\/plugins\/video.php?height=314&amp;href=https%3A%2F%2Fweb.facebook.com%2FJournaLiberteOfficiel%2Fvideos%2F2873043069600779%2F&amp;show_text=false&amp;width=560\" class=\"c8\" width=\"560\">[embedded content]<\/iframe><\/p>\n<p class=\"c9\"><strong>R\u00e9daction Web<\/strong><\/p>\n<\/div>\n<p>Auteur:<br \/>\n<a href=\"https:\/\/www.liberte-algerie.com\/actualite\/video-des-centaines-dagents-de-la-protection-civile-manifestent-a-alger-358107\">Cliquez ici pour lire l&rsquo;article depuis sa source.<\/a><\/p>\n","protected":false},"excerpt":{"rendered":"<p>Des centaines d\u2019agents de la protection civile ont march\u00e9, ce dimanche, vers leur direction g\u00e9n\u00e9rale, sise \u00e0 Hydra, sur les hauteurs d\u2019Alger. Ils revendiquent essentiellement l\u2019 \u00ab octroi de la prime de contagion \u00bb, \u00e9tant donn\u00e9 \u00ab les\u00a0 dangers et les diverses maladies infectieuses \u00bb auxquels ils sont quotidiennement expos\u00e9s lors de leurs interventions, \u00a0\u00ab [&hellip;]<\/p>\n","protected":false},"author":1742,"featured_media":0,"comment_status":"closed","ping_status":"closed","sticky":false,"template":"","format":"standard","meta":{"fifu_image_url":"\/data\/upload\/180573364_301586564754378_8673109054087457954_n.jpg","fifu_image_alt":"[Vid\u00e9o] Des centaines d\u2019agents de la protection civile manifestent \u00e0 Alger","footnotes":""},"categories":[73,53],"tags":[],"class_list":["post-115972","post","type-post","status-publish","format-standard","hentry","category-actualite","category-algerie"],"_links":{"self":[{"href":"https:\/\/linitiative.ca\/International\/wp-json\/wp\/v2\/posts\/115972","targetHints":{"allow":["GET"]}}],"collection":[{"href":"https:\/\/linitiative.ca\/International\/wp-json\/wp\/v2\/posts"}],"about":[{"href":"https:\/\/linitiative.ca\/International\/wp-json\/wp\/v2\/types\/post"}],"author":[{"embeddable":true,"href":"https:\/\/linitiative.ca\/International\/wp-json\/wp\/v2\/users\/1742"}],"replies":[{"embeddable":true,"href":"https:\/\/linitiative.ca\/International\/wp-json\/wp\/v2\/comments?post=115972"}],"version-history":[{"count":0,"href":"https:\/\/linitiative.ca\/International\/wp-json\/wp\/v2\/posts\/115972\/revisions"}],"wp:attachment":[{"href":"https:\/\/linitiative.ca\/International\/wp-json\/wp\/v2\/media?parent=115972"}],"wp:term":[{"taxonomy":"category","embeddable":true,"href":"https:\/\/linitiative.ca\/International\/wp-json\/wp\/v2\/categories?post=115972"},{"taxonomy":"post_tag","embeddable":true,"href":"https:\/\/linitiative.ca\/International\/wp-json\/wp\/v2\/tags?post=115972"}],"curies":[{"name":"wp","href":"https:\/\/api.w.org\/{rel}","templated":true}]}}