{"id":115975,"date":"2021-05-02T08:20:36","date_gmt":"2021-05-02T12:20:36","guid":{"rendered":"https:\/\/linitiative.ca\/International\/appui-operation-de-commercialisation-des-produits-de-lartisanat\/"},"modified":"2021-05-02T08:20:36","modified_gmt":"2021-05-02T12:20:36","slug":"appui-operation-de-commercialisation-des-produits-de-lartisanat","status":"publish","type":"post","link":"https:\/\/linitiative.ca\/International\/appui-operation-de-commercialisation-des-produits-de-lartisanat\/","title":{"rendered":"Appui: Op\u00e9ration de commercialisation des produits de l\u2019artisanat"},"content":{"rendered":"<p><iframe loading=\"lazy\" width=\"1170\" height=\"658\" src=\"https:\/\/www.youtube.com\/embed\/apLX0zd3NwU?feature=oembed\" frameborder=\"0\" allow=\"accelerometer; autoplay; clipboard-write; encrypted-media; gyroscope; picture-in-picture\" allowfullscreen=\"allowfullscreen\">[embedded content]<\/iframe><\/p>\n<div class=\"single-post-excerpt post-excerpt-bc\" readability=\"41\">\n<p>Le minist\u00e8re du Tourisme, de l\u2019Artisanat, du Transport A\u00e9rien et de l\u2019Economie Sociale vient de lancer, dans un Centre commercial \u00e0 Marrakech, une initiative singuli\u00e8re, \u00e0 m\u00eame de favoriser la commercialisation des produits de l\u2019artisanat et ce, dans le cadre d\u2019une large op\u00e9ration men\u00e9e au niveau des diff\u00e9rentes r\u00e9gions du Royaume.<\/p>\n<\/div>\n<p>Auteur: Meriem IGASS<br \/>\n<a href=\"http:\/\/www.mapmarrakech.ma\/fr\/appui-operation-de-commercialisation-des-produits-de-lartisanat-2\/\">Cliquez ici pour lire l&rsquo;article depuis sa source.<\/a><\/p>\n","protected":false},"excerpt":{"rendered":"<p>[embedded content] Le minist\u00e8re du Tourisme, de l\u2019Artisanat, du Transport A\u00e9rien et de l\u2019Economie Sociale vient de lancer, dans un Centre commercial \u00e0 Marrakech, une initiative singuli\u00e8re, \u00e0 m\u00eame de favoriser la commercialisation des produits de l\u2019artisanat et ce, dans le cadre d\u2019une large op\u00e9ration men\u00e9e au niveau des diff\u00e9rentes r\u00e9gions du Royaume. Auteur: Meriem [&hellip;]<\/p>\n","protected":false},"author":1788,"featured_media":0,"comment_status":"closed","ping_status":"closed","sticky":false,"template":"","format":"standard","meta":{"fifu_image_url":"","fifu_image_alt":"","footnotes":""},"categories":[54,76],"tags":[],"class_list":["post-115975","post","type-post","status-publish","format-standard","hentry","category-maroc","category-regions"],"_links":{"self":[{"href":"https:\/\/linitiative.ca\/International\/wp-json\/wp\/v2\/posts\/115975","targetHints":{"allow":["GET"]}}],"collection":[{"href":"https:\/\/linitiative.ca\/International\/wp-json\/wp\/v2\/posts"}],"about":[{"href":"https:\/\/linitiative.ca\/International\/wp-json\/wp\/v2\/types\/post"}],"author":[{"embeddable":true,"href":"https:\/\/linitiative.ca\/International\/wp-json\/wp\/v2\/users\/1788"}],"replies":[{"embeddable":true,"href":"https:\/\/linitiative.ca\/International\/wp-json\/wp\/v2\/comments?post=115975"}],"version-history":[{"count":0,"href":"https:\/\/linitiative.ca\/International\/wp-json\/wp\/v2\/posts\/115975\/revisions"}],"wp:attachment":[{"href":"https:\/\/linitiative.ca\/International\/wp-json\/wp\/v2\/media?parent=115975"}],"wp:term":[{"taxonomy":"category","embeddable":true,"href":"https:\/\/linitiative.ca\/International\/wp-json\/wp\/v2\/categories?post=115975"},{"taxonomy":"post_tag","embeddable":true,"href":"https:\/\/linitiative.ca\/International\/wp-json\/wp\/v2\/tags?post=115975"}],"curies":[{"name":"wp","href":"https:\/\/api.w.org\/{rel}","templated":true}]}}