{"id":115976,"date":"2021-05-02T11:07:57","date_gmt":"2021-05-02T15:07:57","guid":{"rendered":"https:\/\/linitiative.ca\/International\/province-de-driouch-secousse-tellurique-de-4-5-degres\/"},"modified":"2021-05-02T11:07:57","modified_gmt":"2021-05-02T15:07:57","slug":"province-de-driouch-secousse-tellurique-de-4-5-degres","status":"publish","type":"post","link":"https:\/\/linitiative.ca\/International\/province-de-driouch-secousse-tellurique-de-4-5-degres\/","title":{"rendered":"Province de Driouch: secousse tellurique de 4.5 degr\u00e9s"},"content":{"rendered":"<div class=\"single-featured\"><img alt=\"\" data-src=\"http:\/\/www.mapoujda.ma\/map\/uploads\/2019\/01\/Secousse-tellurique-dans-la-province-de-Driouch-2.jpg\"\/><\/div>\n<div class=\"entry-content clearfix single-post-content\" readability=\"46\">\n<p class=\"c4\">Une secousse tellurique de 4.5 degr\u00e9s sur l\u2019\u00e9chelle de Richter a \u00e9t\u00e9 enregistr\u00e9e samedi dans la province de Driouch, a indiqu\u00e9 l\u2019Institut national de g\u00e9ophysique (ING).<\/p>\n<p class=\"c4\">La secousse, dont l\u2019\u00e9picentre est situ\u00e9 au large de la province de Driouch, a eu lieu \u00e0 22h10min 04 sec (GMT), a pr\u00e9cis\u00e9 le R\u00e9seau national de surveillance et d\u2019alerte sismique de l\u2019ING dans un bulletin d\u2019alerte sismique.<\/p>\n<p class=\"c4\">Survenue \u00e0 une profondeur de 13 km, la secousse s\u2019est produite \u00e0 une latitude de 35.656\u00b0N et une longitude de 3.577\u00b0W, a ajout\u00e9 la m\u00eame source.<\/p>\n<\/div>\n<p>Auteur: Soufiane ELAHMAR<br \/>\n<a href=\"http:\/\/www.mapoujda.ma\/fr\/province-de-driouch-secousse-tellurique-de-4-5-degres\/\">Cliquez ici pour lire l&rsquo;article depuis sa source.<\/a><\/p>\n","protected":false},"excerpt":{"rendered":"<p>Une secousse tellurique de 4.5 degr\u00e9s sur l\u2019\u00e9chelle de Richter a \u00e9t\u00e9 enregistr\u00e9e samedi dans la province de Driouch, a indiqu\u00e9 l\u2019Institut national de g\u00e9ophysique (ING). La secousse, dont l\u2019\u00e9picentre est situ\u00e9 au large de la province de Driouch, a eu lieu \u00e0 22h10min 04 sec (GMT), a pr\u00e9cis\u00e9 le R\u00e9seau national de surveillance et [&hellip;]<\/p>\n","protected":false},"author":1788,"featured_media":0,"comment_status":"closed","ping_status":"closed","sticky":false,"template":"","format":"standard","meta":{"fifu_image_url":"http:\/\/www.mapoujda.ma\/map\/uploads\/2019\/01\/Secousse-tellurique-dans-la-province-de-Driouch-2.jpg","fifu_image_alt":"Province de Driouch: secousse tellurique de 4.5 degr\u00e9s","footnotes":""},"categories":[54,76],"tags":[],"class_list":["post-115976","post","type-post","status-publish","format-standard","hentry","category-maroc","category-regions"],"_links":{"self":[{"href":"https:\/\/linitiative.ca\/International\/wp-json\/wp\/v2\/posts\/115976","targetHints":{"allow":["GET"]}}],"collection":[{"href":"https:\/\/linitiative.ca\/International\/wp-json\/wp\/v2\/posts"}],"about":[{"href":"https:\/\/linitiative.ca\/International\/wp-json\/wp\/v2\/types\/post"}],"author":[{"embeddable":true,"href":"https:\/\/linitiative.ca\/International\/wp-json\/wp\/v2\/users\/1788"}],"replies":[{"embeddable":true,"href":"https:\/\/linitiative.ca\/International\/wp-json\/wp\/v2\/comments?post=115976"}],"version-history":[{"count":0,"href":"https:\/\/linitiative.ca\/International\/wp-json\/wp\/v2\/posts\/115976\/revisions"}],"wp:attachment":[{"href":"https:\/\/linitiative.ca\/International\/wp-json\/wp\/v2\/media?parent=115976"}],"wp:term":[{"taxonomy":"category","embeddable":true,"href":"https:\/\/linitiative.ca\/International\/wp-json\/wp\/v2\/categories?post=115976"},{"taxonomy":"post_tag","embeddable":true,"href":"https:\/\/linitiative.ca\/International\/wp-json\/wp\/v2\/tags?post=115976"}],"curies":[{"name":"wp","href":"https:\/\/api.w.org\/{rel}","templated":true}]}}