{"id":115977,"date":"2021-05-02T06:24:38","date_gmt":"2021-05-02T10:24:38","guid":{"rendered":"https:\/\/linitiative.ca\/International\/ajmm-brahim-ghali-doit-etre-arrete-et-traduit-en-justice\/"},"modified":"2021-05-02T06:24:38","modified_gmt":"2021-05-02T10:24:38","slug":"ajmm-brahim-ghali-doit-etre-arrete-et-traduit-en-justice","status":"publish","type":"post","link":"https:\/\/linitiative.ca\/International\/ajmm-brahim-ghali-doit-etre-arrete-et-traduit-en-justice\/","title":{"rendered":"AJMM: \u00ab\u00a0Brahim Ghali doit \u00eatre arr\u00eat\u00e9 et traduit en justice\u00a0\u00bb"},"content":{"rendered":"<p class=\"rtejustify\">L\u2019Association jud\u00e9o-marocaine de Mexico (AJMM)\u00a0a appel\u00e9 \u00e0 l&rsquo;arrestation de Brahim Ghali, le chef du polisario autoris\u00e9 \u00e0 se soigner en Espagne o\u00f9 il est poursuivi pour divers crimes.<\/p>\n<p class=\"rtejustify\">L&rsquo;Association a\u00a0exprim\u00e9 sa \u00ab\u00a0profonde indignation\u00a0\u00bb face \u00e0 la d\u00e9cision du gouvernement espagnol d\u2019autoriser le chef du mouvement s\u00e9paratiste, d\u2019entrer sur son territoire, \u00ab\u00a0au m\u00e9pris de ses propres lois et du droit nternational\u00a0\u00bb, jugeant imp\u00e9ratif qu\u2019il soit imm\u00e9diatement arr\u00eat\u00e9 pour r\u00e9pondre de ses crimes de g\u00e9nocide et de terrorisme. En Espagne, Brahim Ghali est poursuivi pour divers crimes, dont\u00a0<span class=\"c4\">des crimes de g\u00e9nocide, de torture, de disparition forc\u00e9e, de violences sexuelles et de viol, rappelle l&rsquo;association, ajoutant\u00a0qu&rsquo;un mandat d&rsquo;arr\u00eat a \u00e9t\u00e9 \u00e9mis contre lui par les autorit\u00e9s espagnoles en 2008.<\/span><\/p>\n<p class=\"rtejustify\">\u00ab\u00a0Le d\u00e9nomm\u00e9 Brahim Ghali est le chef d&rsquo;un groupe arm\u00e9 s\u00e9paratiste et terroriste dont la raison d&rsquo;\u00eatre est de miner l&rsquo;int\u00e9grit\u00e9 territoriale du Royaume du Maroc, Etat souverain, pour servir l&rsquo;agenda h\u00e9g\u00e9monique de l&rsquo;Alg\u00e9rie\u00a0\u00bb, indique l\u2019Association dans un communiqu\u00e9 sign\u00e9 par son pr\u00e9sident, Moises Amselem. Pour cette association, le transfert du d\u00e9nomm\u00e9 Ghali dans un avion m\u00e9dicalis\u00e9 alg\u00e9rien, muni d&rsquo;un passeport diplomatique alg\u00e9rien sous le faux nom de \u00ab\u00a0Mohammed Benbattouch\u00a0\u00bb, constitue \u00ab\u00a0une nouvelle preuve ind\u00e9niable de la responsabilit\u00e9 de l&rsquo;Alg\u00e9rie dans le diff\u00e9rend r\u00e9gional sur le Sahara\u00a0\u00bb.<\/p>\n<p>Auteur: hgueye<br \/>\n<a href=\"https:\/\/www.leconomiste.com\/flash-infos\/ajmm-brahim-ghali-doit-etre-arrete-et-traduit-en-justice\">Cliquez ici pour lire l&rsquo;article depuis sa source.<\/a><\/p>\n","protected":false},"excerpt":{"rendered":"<p>L\u2019Association jud\u00e9o-marocaine de Mexico (AJMM)\u00a0a appel\u00e9 \u00e0 l&rsquo;arrestation de Brahim Ghali, le chef du polisario autoris\u00e9 \u00e0 se soigner en Espagne o\u00f9 il est poursuivi pour divers crimes. L&rsquo;Association a\u00a0exprim\u00e9 sa \u00ab\u00a0profonde indignation\u00a0\u00bb face \u00e0 la d\u00e9cision du gouvernement espagnol d\u2019autoriser le chef du mouvement s\u00e9paratiste, d\u2019entrer sur son territoire, \u00ab\u00a0au m\u00e9pris de ses propres [&hellip;]<\/p>\n","protected":false},"author":1763,"featured_media":0,"comment_status":"closed","ping_status":"closed","sticky":false,"template":"","format":"standard","meta":{"fifu_image_url":"","fifu_image_alt":"","footnotes":""},"categories":[78,54],"tags":[],"class_list":["post-115977","post","type-post","status-publish","format-standard","hentry","category-economie","category-maroc"],"_links":{"self":[{"href":"https:\/\/linitiative.ca\/International\/wp-json\/wp\/v2\/posts\/115977","targetHints":{"allow":["GET"]}}],"collection":[{"href":"https:\/\/linitiative.ca\/International\/wp-json\/wp\/v2\/posts"}],"about":[{"href":"https:\/\/linitiative.ca\/International\/wp-json\/wp\/v2\/types\/post"}],"author":[{"embeddable":true,"href":"https:\/\/linitiative.ca\/International\/wp-json\/wp\/v2\/users\/1763"}],"replies":[{"embeddable":true,"href":"https:\/\/linitiative.ca\/International\/wp-json\/wp\/v2\/comments?post=115977"}],"version-history":[{"count":0,"href":"https:\/\/linitiative.ca\/International\/wp-json\/wp\/v2\/posts\/115977\/revisions"}],"wp:attachment":[{"href":"https:\/\/linitiative.ca\/International\/wp-json\/wp\/v2\/media?parent=115977"}],"wp:term":[{"taxonomy":"category","embeddable":true,"href":"https:\/\/linitiative.ca\/International\/wp-json\/wp\/v2\/categories?post=115977"},{"taxonomy":"post_tag","embeddable":true,"href":"https:\/\/linitiative.ca\/International\/wp-json\/wp\/v2\/tags?post=115977"}],"curies":[{"name":"wp","href":"https:\/\/api.w.org\/{rel}","templated":true}]}}