{"id":115981,"date":"2021-05-02T12:14:51","date_gmt":"2021-05-02T16:14:51","guid":{"rendered":"https:\/\/linitiative.ca\/International\/covid-294-nouveaux-cas-et-284-guerisons-en-24h\/"},"modified":"2021-05-02T12:14:51","modified_gmt":"2021-05-02T16:14:51","slug":"covid-294-nouveaux-cas-et-284-guerisons-en-24h","status":"publish","type":"post","link":"https:\/\/linitiative.ca\/International\/covid-294-nouveaux-cas-et-284-guerisons-en-24h\/","title":{"rendered":"Covid: 294 nouveaux cas et 284 gu\u00e9risons en 24H"},"content":{"rendered":"<p>Un total de <strong>294<\/strong> nouveaux cas d&rsquo;infection au coronavirus et de <strong>284<\/strong> gu\u00e9risons a \u00e9t\u00e9 enregistr\u00e9 au Maroc au cours des derni\u00e8res 24 heures, a annonc\u00e9 dimanche le minist\u00e8re de la Sant\u00e9. Le nombre des personnes vaccin\u00e9es \u00e0 ce jour (1\u00e8re dose) a atteint <strong>5.055.239<\/strong>, indique le minist\u00e8re dans son bulletin quotidien sur la situation de la Covid-19, relevant que les personnes qui ont \u00e9t\u00e9 compl\u00e8tement vaccin\u00e9es (1\u00e8re et 2\u00e8me doses) sont au nombre de <strong>4.260.605<\/strong>.<\/p>\n<p>Ce nouveau bilan porte \u00e0 <strong>511.856<\/strong>\u00a0le nombre total des contaminations depuis le premier cas signal\u00e9 en mars 2020, tandis que le nombre des personnes r\u00e9tablies est pass\u00e9 \u00e0 <strong>498.415<\/strong>, soit un taux de gu\u00e9rison de 97,4%, pr\u00e9cise le minist\u00e8re.<\/p>\n<p>Quant au nombre total des d\u00e9c\u00e8s, il est pass\u00e9 \u00e0 <strong>9.028<\/strong> avec <strong>2<\/strong> nouveaux cas recens\u00e9s en 24 heures, soit un taux de l\u00e9talit\u00e9 de 1,8%.\u00a0 Le nombre des cas actifs s&rsquo;\u00e9l\u00e8ve \u00e0 <strong>4.413<\/strong>, tandis que les cas s\u00e9v\u00e8res ou critiques sont au nombre de <strong>328<\/strong>, dont <strong>25<\/strong> plac\u00e9s sous intubation.<\/p>\n<blockquote readability=\"4.75\">\n<p><strong>Pour plus de d\u00e9tails, voir l&rsquo;\u00e9volution en temps r\u00e9el de l&rsquo;\u00e9pid\u00e9mie sur <a href=\"https:\/\/www.leconomiste.com\/covid19\/\">https:\/\/www.leconomiste.com\/covid19\/<\/a><\/strong><\/p>\n<\/blockquote>\n<p>Auteur: hgueye<br \/>\n<a href=\"https:\/\/www.leconomiste.com\/flash-infos\/covid-294-nouveaux-cas-et-284-guerisons-en-24h\">Cliquez ici pour lire l&rsquo;article depuis sa source.<\/a><\/p>\n","protected":false},"excerpt":{"rendered":"<p>Un total de 294 nouveaux cas d&rsquo;infection au coronavirus et de 284 gu\u00e9risons a \u00e9t\u00e9 enregistr\u00e9 au Maroc au cours des derni\u00e8res 24 heures, a annonc\u00e9 dimanche le minist\u00e8re de la Sant\u00e9. Le nombre des personnes vaccin\u00e9es \u00e0 ce jour (1\u00e8re dose) a atteint 5.055.239, indique le minist\u00e8re dans son bulletin quotidien sur la situation [&hellip;]<\/p>\n","protected":false},"author":1763,"featured_media":0,"comment_status":"closed","ping_status":"closed","sticky":false,"template":"","format":"standard","meta":{"fifu_image_url":"","fifu_image_alt":"","footnotes":""},"categories":[78,54],"tags":[],"class_list":["post-115981","post","type-post","status-publish","format-standard","hentry","category-economie","category-maroc"],"_links":{"self":[{"href":"https:\/\/linitiative.ca\/International\/wp-json\/wp\/v2\/posts\/115981","targetHints":{"allow":["GET"]}}],"collection":[{"href":"https:\/\/linitiative.ca\/International\/wp-json\/wp\/v2\/posts"}],"about":[{"href":"https:\/\/linitiative.ca\/International\/wp-json\/wp\/v2\/types\/post"}],"author":[{"embeddable":true,"href":"https:\/\/linitiative.ca\/International\/wp-json\/wp\/v2\/users\/1763"}],"replies":[{"embeddable":true,"href":"https:\/\/linitiative.ca\/International\/wp-json\/wp\/v2\/comments?post=115981"}],"version-history":[{"count":0,"href":"https:\/\/linitiative.ca\/International\/wp-json\/wp\/v2\/posts\/115981\/revisions"}],"wp:attachment":[{"href":"https:\/\/linitiative.ca\/International\/wp-json\/wp\/v2\/media?parent=115981"}],"wp:term":[{"taxonomy":"category","embeddable":true,"href":"https:\/\/linitiative.ca\/International\/wp-json\/wp\/v2\/categories?post=115981"},{"taxonomy":"post_tag","embeddable":true,"href":"https:\/\/linitiative.ca\/International\/wp-json\/wp\/v2\/tags?post=115981"}],"curies":[{"name":"wp","href":"https:\/\/api.w.org\/{rel}","templated":true}]}}