{"id":115983,"date":"2021-05-02T15:14:04","date_gmt":"2021-05-02T19:14:04","guid":{"rendered":"https:\/\/linitiative.ca\/International\/pros-zerrouki-se-contente-dune-mi-temps\/"},"modified":"2021-05-02T15:14:04","modified_gmt":"2021-05-02T19:14:04","slug":"pros-zerrouki-se-contente-dune-mi-temps","status":"publish","type":"post","link":"https:\/\/linitiative.ca\/International\/pros-zerrouki-se-contente-dune-mi-temps\/","title":{"rendered":"Pros : Zerrouki se contente d\u2019une mi-temps"},"content":{"rendered":"<div readability=\"32\">\n<p>Auteur : <span>Moumen A.<\/span> <span class=\"time\">dimanche 02 mai 2021 15:24<\/span><\/p>\n<\/div>\n<div id=\"post_core\" readability=\"39\">\n<p>Twente accuse le coup en Championnat Eredivisie N\u00e9erlandais. Samedi, les camarades de Ramiz Zerrouki ont \u00e9t\u00e9 d\u00e9faits sur le score de trois buts\u00a0 \u00e0 z\u00e9ro.\u00a0 Le milieu de terrain international alg\u00e9rien form\u00e9\u00a0 \u00e0 l\u2019Ajax Amsterdam a jou\u00e9 une mi-temps seulement avant d\u2019\u00eatre remplac\u00e9. En difficult\u00e9 en cette fin du mois de car\u00eame Zerrouki qui alignait sa \u00e9ni\u00e8me titularisation de suite, n\u2019a pu aller au bout.\u00a0<\/p>\n<p><strong>Moumen A.<\/strong><\/p>\n<p><strong>Publi\u00e9 dans :<\/strong> <span>Ramiz Zerrouki<\/span><\/p>\n<\/div>\n<p>Auteur:<br \/>\n<a href=\"http:\/\/www.lebuteur.com\/article\/detail?titre=zerrouki-se-contente-dune-mi-temps&#038;id=99919&#038;utm_source=feedburner&#038;utm_medium=feed&#038;utm_campaign=Feed%3A+GalerieFArtciles+%28Les+derniers+articles++-+lebuteur.com%29\">Cliquez ici pour lire l&rsquo;article depuis sa source.<\/a><\/p>\n","protected":false},"excerpt":{"rendered":"<p>Auteur : Moumen A. dimanche 02 mai 2021 15:24 Twente accuse le coup en Championnat Eredivisie N\u00e9erlandais. Samedi, les camarades de Ramiz Zerrouki ont \u00e9t\u00e9 d\u00e9faits sur le score de trois buts\u00a0 \u00e0 z\u00e9ro.\u00a0 Le milieu de terrain international alg\u00e9rien form\u00e9\u00a0 \u00e0 l\u2019Ajax Amsterdam a jou\u00e9 une mi-temps seulement avant d\u2019\u00eatre remplac\u00e9. En difficult\u00e9 en [&hellip;]<\/p>\n","protected":false},"author":1738,"featured_media":0,"comment_status":"closed","ping_status":"closed","sticky":false,"template":"","format":"standard","meta":{"fifu_image_url":"\/\/cdn.lebuteur.com\/data\/images\/article\/thumbs\/large-zerrouki-se-contente-dune-mi-temps-fb1f1.jpg","fifu_image_alt":"Pros : Zerrouki se contente d\u2019une mi-temps","footnotes":""},"categories":[53,75],"tags":[],"class_list":["post-115983","post","type-post","status-publish","format-standard","hentry","category-algerie","category-sport"],"_links":{"self":[{"href":"https:\/\/linitiative.ca\/International\/wp-json\/wp\/v2\/posts\/115983","targetHints":{"allow":["GET"]}}],"collection":[{"href":"https:\/\/linitiative.ca\/International\/wp-json\/wp\/v2\/posts"}],"about":[{"href":"https:\/\/linitiative.ca\/International\/wp-json\/wp\/v2\/types\/post"}],"author":[{"embeddable":true,"href":"https:\/\/linitiative.ca\/International\/wp-json\/wp\/v2\/users\/1738"}],"replies":[{"embeddable":true,"href":"https:\/\/linitiative.ca\/International\/wp-json\/wp\/v2\/comments?post=115983"}],"version-history":[{"count":0,"href":"https:\/\/linitiative.ca\/International\/wp-json\/wp\/v2\/posts\/115983\/revisions"}],"wp:attachment":[{"href":"https:\/\/linitiative.ca\/International\/wp-json\/wp\/v2\/media?parent=115983"}],"wp:term":[{"taxonomy":"category","embeddable":true,"href":"https:\/\/linitiative.ca\/International\/wp-json\/wp\/v2\/categories?post=115983"},{"taxonomy":"post_tag","embeddable":true,"href":"https:\/\/linitiative.ca\/International\/wp-json\/wp\/v2\/tags?post=115983"}],"curies":[{"name":"wp","href":"https:\/\/api.w.org\/{rel}","templated":true}]}}