{"id":115986,"date":"2021-05-02T15:14:11","date_gmt":"2021-05-02T19:14:11","guid":{"rendered":"https:\/\/linitiative.ca\/International\/pros-montpellier-delort-reagit-a-lannonce-de-depart-de-der-zakarian\/"},"modified":"2021-05-02T15:14:11","modified_gmt":"2021-05-02T19:14:11","slug":"pros-montpellier-delort-reagit-a-lannonce-de-depart-de-der-zakarian","status":"publish","type":"post","link":"https:\/\/linitiative.ca\/International\/pros-montpellier-delort-reagit-a-lannonce-de-depart-de-der-zakarian\/","title":{"rendered":"Pros : Montpellier : Delort r\u00e9agit \u00e0 l&rsquo;annonce de d\u00e9part de Der Zakarian"},"content":{"rendered":"<div readability=\"32\">\n<p>Auteur : <span class=\"time\">dimanche 02 mai 2021 19:26<\/span><\/p>\n<\/div>\n<div id=\"post_core\" readability=\"44\">\n<p>Apr\u00e8s la d\u00e9faite contre Saint-\u00c9tienne ce dimanche, l&rsquo;attaquant de Montpellier Andy Delort a rendu hommage \u00e0 son entra\u00eeneur Michel Der Zakarian :<\/p>\n<p>\u00ab\u00a0Le coach va nous quitter, en fin de saison. Il a fait du bien au club et les joueurs ne doivent pas l\u00e2cher mais le remercier en terminant le plus haut possible. J&rsquo;ai \u00e9t\u00e9 touch\u00e9 par l&rsquo;annonce de son d\u00e9part car \u00e7a fait trois saisons qu&rsquo;on travaille ensemble. J&rsquo;ai aim\u00e9 travailler avec lui et il m&rsquo;a beaucoup apport\u00e9 et appris. Il a fait progresser le club aussi. Tout le monde a \u00e9t\u00e9 touch\u00e9. Quand on est footballeur, on se voit parfois plus que notre propre famille. Quand il y a des d\u00e9parts, on est touch\u00e9. J&rsquo;ai les nerfs car je n&rsquo;ai pas envie qu&rsquo;on finisse tranquille car on a fait une belle saison et il faut continuer \u00e0 gagner des matches pour finir le plus haut possible. On ne va pas g\u00e2cher notre fin de saison sur les trois derniers matches. On conna\u00eet le danger, quand tu ne joues plus rien, et on avait peur de \u00e7a.\u00a0\u00bb Des propos relay\u00e9s par L&rsquo;Equipe.<\/p>\n<p><strong>Publi\u00e9 dans :<\/strong> <span>Delort<\/span><\/p>\n<\/div>\n<p>Auteur:<br \/>\n<a href=\"http:\/\/www.lebuteur.com\/article\/detail?titre=montpellier-delort-reagit-a-lannonce-de-depart-de-der-zakarian&#038;id=99921&#038;utm_source=feedburner&#038;utm_medium=feed&#038;utm_campaign=Feed%3A+GalerieFArtciles+%28Les+derniers+articles++-+lebuteur.com%29\">Cliquez ici pour lire l&rsquo;article depuis sa source.<\/a><\/p>\n","protected":false},"excerpt":{"rendered":"<p>Auteur : dimanche 02 mai 2021 19:26 Apr\u00e8s la d\u00e9faite contre Saint-\u00c9tienne ce dimanche, l&rsquo;attaquant de Montpellier Andy Delort a rendu hommage \u00e0 son entra\u00eeneur Michel Der Zakarian : \u00ab\u00a0Le coach va nous quitter, en fin de saison. Il a fait du bien au club et les joueurs ne doivent pas l\u00e2cher mais le remercier [&hellip;]<\/p>\n","protected":false},"author":1738,"featured_media":0,"comment_status":"closed","ping_status":"closed","sticky":false,"template":"","format":"standard","meta":{"fifu_image_url":"\/\/cdn.lebuteur.com\/data\/images\/article\/thumbs\/large-montpellier-delort-reagit-a-lannonce-de-depart-de-der-zakarian-b273d.jpg","fifu_image_alt":"Pros : Montpellier : Delort r\u00e9agit \u00e0 l'annonce de d\u00e9part de Der Zakarian","footnotes":""},"categories":[53,75],"tags":[],"class_list":["post-115986","post","type-post","status-publish","format-standard","hentry","category-algerie","category-sport"],"_links":{"self":[{"href":"https:\/\/linitiative.ca\/International\/wp-json\/wp\/v2\/posts\/115986","targetHints":{"allow":["GET"]}}],"collection":[{"href":"https:\/\/linitiative.ca\/International\/wp-json\/wp\/v2\/posts"}],"about":[{"href":"https:\/\/linitiative.ca\/International\/wp-json\/wp\/v2\/types\/post"}],"author":[{"embeddable":true,"href":"https:\/\/linitiative.ca\/International\/wp-json\/wp\/v2\/users\/1738"}],"replies":[{"embeddable":true,"href":"https:\/\/linitiative.ca\/International\/wp-json\/wp\/v2\/comments?post=115986"}],"version-history":[{"count":0,"href":"https:\/\/linitiative.ca\/International\/wp-json\/wp\/v2\/posts\/115986\/revisions"}],"wp:attachment":[{"href":"https:\/\/linitiative.ca\/International\/wp-json\/wp\/v2\/media?parent=115986"}],"wp:term":[{"taxonomy":"category","embeddable":true,"href":"https:\/\/linitiative.ca\/International\/wp-json\/wp\/v2\/categories?post=115986"},{"taxonomy":"post_tag","embeddable":true,"href":"https:\/\/linitiative.ca\/International\/wp-json\/wp\/v2\/tags?post=115986"}],"curies":[{"name":"wp","href":"https:\/\/api.w.org\/{rel}","templated":true}]}}