{"id":115987,"date":"2021-05-02T12:16:22","date_gmt":"2021-05-02T16:16:22","guid":{"rendered":"https:\/\/linitiative.ca\/International\/legislatives-anticipees-la-candidature-du-sg-du-fln-rejetee\/"},"modified":"2021-05-02T12:16:22","modified_gmt":"2021-05-02T16:16:22","slug":"legislatives-anticipees-la-candidature-du-sg-du-fln-rejetee","status":"publish","type":"post","link":"https:\/\/linitiative.ca\/International\/legislatives-anticipees-la-candidature-du-sg-du-fln-rejetee\/","title":{"rendered":"L\u00e9gislatives anticip\u00e9es : La candidature du SG du FLN rejet\u00e9e"},"content":{"rendered":"<h4 class=\"title-14\"\/>\n<div class=\"featured_image\"><img loading=\"lazy\" decoding=\"async\" width=\"620\" height=\"410\" src=\"https:\/\/www.elwatan.com\/wp-content\/uploads\/2021\/05\/images-10.jpeg\" class=\"attachment-post-thumbnail size-post-thumbnail wp-post-image\" alt=\"\" srcset=\"https:\/\/www.elwatan.com\/wp-content\/uploads\/2021\/05\/images-10.jpeg 620w, https:\/\/www.elwatan.com\/wp-content\/uploads\/2021\/05\/images-10-300x198.jpeg 300w\" sizes=\"auto, (max-width: 620px) 100vw, 620px\"\/><\/div>\n<p><strong><em>Le secr\u00e9taire g\u00e9n\u00e9ral du FLN, Abou El Fadhl Ba\u00e2dji est emp\u00each\u00e9 de se porter candidat aux l\u00e9gislatives anticip\u00e9es du 12 juin prochain.<\/em><\/strong><\/p>\n<p>Son dossier a \u00e9t\u00e9 rejet\u00e9 aujourd\u2019hui par la d\u00e9l\u00e9gation de la wilaya d\u2019Alger de la commission nationale ind\u00e9pendante des \u00e9lections (ANIE).<\/p>\n<p>La d\u00e9cision du rejet de la candidature de l\u2019actuel patron du FLN a \u00e9t\u00e9, selon ladite d\u00e9l\u00e9gation, notifi\u00e9e au concern\u00e9 \u00e0 travers la repr\u00e9sentante du parti, Alimi Farida.<\/p>\n<p>Originaire de M\u2019Sila, Abou El Fadhl Ba\u00e2dji s\u2019est port\u00e9 candidat sur la liste du parti \u00e0 Alger.<\/p>\n<p>Une liste qui contient aussi des enfants de certains caciques de l\u2019ex-parti unique.<\/p>\n<p><span class=\"post-views-label\">Post Views:<\/span> <span class=\"post-views-count\">1\u00a0922<\/span><\/p>\n<p><br class=\"c2\"\/><\/p>\n<div class=\"ichhar-moneytagnative c4\" id=\"ichhar-386844102\">\n<p>Advertisements<\/p>\n<\/div>\n<p><br class=\"c2\"\/><br \/>\n<br class=\"c5\"\/><\/p>\n<p>Auteur: Mohand Yahiaoui<br \/>\n<a href=\"https:\/\/www.elwatan.com\/edition\/actualite\/legislatives-anticipees-la-candidature-du-sg-du-fln-rejetee-02-05-2021\">Cliquez ici pour lire l&rsquo;article depuis sa source.<\/a><\/p>\n","protected":false},"excerpt":{"rendered":"<p>Le secr\u00e9taire g\u00e9n\u00e9ral du FLN, Abou El Fadhl Ba\u00e2dji est emp\u00each\u00e9 de se porter candidat aux l\u00e9gislatives anticip\u00e9es du 12 juin prochain. Son dossier a \u00e9t\u00e9 rejet\u00e9 aujourd\u2019hui par la d\u00e9l\u00e9gation de la wilaya d\u2019Alger de la commission nationale ind\u00e9pendante des \u00e9lections (ANIE). La d\u00e9cision du rejet de la candidature de l\u2019actuel patron du FLN [&hellip;]<\/p>\n","protected":false},"author":1743,"featured_media":0,"comment_status":"closed","ping_status":"closed","sticky":false,"template":"","format":"standard","meta":{"fifu_image_url":"https:\/\/www.elwatan.com\/wp-content\/uploads\/2021\/05\/images-10.jpeg","fifu_image_alt":"L\u00e9gislatives anticip\u00e9es : La candidature du SG du FLN rejet\u00e9e","footnotes":""},"categories":[73,53],"tags":[],"class_list":["post-115987","post","type-post","status-publish","format-standard","hentry","category-actualite","category-algerie"],"_links":{"self":[{"href":"https:\/\/linitiative.ca\/International\/wp-json\/wp\/v2\/posts\/115987","targetHints":{"allow":["GET"]}}],"collection":[{"href":"https:\/\/linitiative.ca\/International\/wp-json\/wp\/v2\/posts"}],"about":[{"href":"https:\/\/linitiative.ca\/International\/wp-json\/wp\/v2\/types\/post"}],"author":[{"embeddable":true,"href":"https:\/\/linitiative.ca\/International\/wp-json\/wp\/v2\/users\/1743"}],"replies":[{"embeddable":true,"href":"https:\/\/linitiative.ca\/International\/wp-json\/wp\/v2\/comments?post=115987"}],"version-history":[{"count":0,"href":"https:\/\/linitiative.ca\/International\/wp-json\/wp\/v2\/posts\/115987\/revisions"}],"wp:attachment":[{"href":"https:\/\/linitiative.ca\/International\/wp-json\/wp\/v2\/media?parent=115987"}],"wp:term":[{"taxonomy":"category","embeddable":true,"href":"https:\/\/linitiative.ca\/International\/wp-json\/wp\/v2\/categories?post=115987"},{"taxonomy":"post_tag","embeddable":true,"href":"https:\/\/linitiative.ca\/International\/wp-json\/wp\/v2\/tags?post=115987"}],"curies":[{"name":"wp","href":"https:\/\/api.w.org\/{rel}","templated":true}]}}