{"id":115988,"date":"2021-05-02T14:29:04","date_gmt":"2021-05-02T18:29:04","guid":{"rendered":"https:\/\/linitiative.ca\/International\/eptv-le-directeur-general-limoge\/"},"modified":"2021-05-02T14:29:04","modified_gmt":"2021-05-02T18:29:04","slug":"eptv-le-directeur-general-limoge","status":"publish","type":"post","link":"https:\/\/linitiative.ca\/International\/eptv-le-directeur-general-limoge\/","title":{"rendered":"EPTV : Le directeur g\u00e9n\u00e9ral limog\u00e9"},"content":{"rendered":"<h4 class=\"title-14\"\/>\n<div class=\"featured_image\"><img loading=\"lazy\" decoding=\"async\" width=\"700\" height=\"500\" src=\"https:\/\/www.elwatan.com\/wp-content\/uploads\/2021\/05\/ahmed-bensebane.jpg\" class=\"attachment-post-thumbnail size-post-thumbnail wp-post-image\" alt=\"Ahmed Bensebane\" srcset=\"https:\/\/www.elwatan.com\/wp-content\/uploads\/2021\/05\/ahmed-bensebane.jpg 700w, https:\/\/www.elwatan.com\/wp-content\/uploads\/2021\/05\/ahmed-bensebane-300x214.jpg 300w\" sizes=\"auto, (max-width: 700px) 100vw, 700px\"\/> <span class=\"featured-image-caption\">Photo : D. R.<\/span><\/div>\n<p><strong><em>Il a \u00e9t\u00e9 mis fin, dimanche 2 mai, aux fonctions du directeur g\u00e9n\u00e9ral de l\u2019\u00e9tablissement publique de T\u00e9l\u00e9vision (EPTV), Ahmed Bensebane, apprend-on aupr\u00e8s du minist\u00e8re de la Communication.<\/em><\/strong><\/p>\n<p>Le directeur g\u00e9n\u00e9ral-adjoint, Fethi Saidi, assure l\u2019int\u00e9rim jusqu\u2019\u00e0 nouvel ordre, pr\u00e9cise la m\u00eame source. Bensebane a \u00e9t\u00e9 nomm\u00e9 \u00e0 ce poste le 27 janvier 2020.<\/p>\n<p><span class=\"post-views-label\">Post Views:<\/span> <span class=\"post-views-count\">437<\/span><\/p>\n<p><br class=\"c2\"\/><\/p>\n<div class=\"ichhar-moneytagnative c4\" id=\"ichhar-1831961580\">\n<p>Advertisements<\/p>\n<\/div>\n<p><br class=\"c2\"\/><br \/>\n<br class=\"c5\"\/><\/p>\n<p>Auteur: Mohand Yahiaoui<br \/>\n<a href=\"https:\/\/www.elwatan.com\/edition\/actualite\/eptv-le-directeur-general-limoge-02-05-2021\">Cliquez ici pour lire l&rsquo;article depuis sa source.<\/a><\/p>\n","protected":false},"excerpt":{"rendered":"<p>Photo : D. R. Il a \u00e9t\u00e9 mis fin, dimanche 2 mai, aux fonctions du directeur g\u00e9n\u00e9ral de l\u2019\u00e9tablissement publique de T\u00e9l\u00e9vision (EPTV), Ahmed Bensebane, apprend-on aupr\u00e8s du minist\u00e8re de la Communication. Le directeur g\u00e9n\u00e9ral-adjoint, Fethi Saidi, assure l\u2019int\u00e9rim jusqu\u2019\u00e0 nouvel ordre, pr\u00e9cise la m\u00eame source. Bensebane a \u00e9t\u00e9 nomm\u00e9 \u00e0 ce poste le 27 [&hellip;]<\/p>\n","protected":false},"author":1743,"featured_media":0,"comment_status":"closed","ping_status":"closed","sticky":false,"template":"","format":"standard","meta":{"fifu_image_url":"https:\/\/www.elwatan.com\/wp-content\/uploads\/2021\/05\/ahmed-bensebane.jpg","fifu_image_alt":"EPTV : Le directeur g\u00e9n\u00e9ral limog\u00e9","footnotes":""},"categories":[73,53],"tags":[],"class_list":["post-115988","post","type-post","status-publish","format-standard","hentry","category-actualite","category-algerie"],"_links":{"self":[{"href":"https:\/\/linitiative.ca\/International\/wp-json\/wp\/v2\/posts\/115988","targetHints":{"allow":["GET"]}}],"collection":[{"href":"https:\/\/linitiative.ca\/International\/wp-json\/wp\/v2\/posts"}],"about":[{"href":"https:\/\/linitiative.ca\/International\/wp-json\/wp\/v2\/types\/post"}],"author":[{"embeddable":true,"href":"https:\/\/linitiative.ca\/International\/wp-json\/wp\/v2\/users\/1743"}],"replies":[{"embeddable":true,"href":"https:\/\/linitiative.ca\/International\/wp-json\/wp\/v2\/comments?post=115988"}],"version-history":[{"count":0,"href":"https:\/\/linitiative.ca\/International\/wp-json\/wp\/v2\/posts\/115988\/revisions"}],"wp:attachment":[{"href":"https:\/\/linitiative.ca\/International\/wp-json\/wp\/v2\/media?parent=115988"}],"wp:term":[{"taxonomy":"category","embeddable":true,"href":"https:\/\/linitiative.ca\/International\/wp-json\/wp\/v2\/categories?post=115988"},{"taxonomy":"post_tag","embeddable":true,"href":"https:\/\/linitiative.ca\/International\/wp-json\/wp\/v2\/tags?post=115988"}],"curies":[{"name":"wp","href":"https:\/\/api.w.org\/{rel}","templated":true}]}}