{"id":115990,"date":"2021-05-02T04:00:00","date_gmt":"2021-05-02T08:00:00","guid":{"rendered":"https:\/\/linitiative.ca\/International\/tunisie-lugtt-a-lavenue-des-etats-unis\/"},"modified":"2021-05-02T04:00:00","modified_gmt":"2021-05-02T08:00:00","slug":"tunisie-lugtt-a-lavenue-des-etats-unis","status":"publish","type":"post","link":"https:\/\/linitiative.ca\/International\/tunisie-lugtt-a-lavenue-des-etats-unis\/","title":{"rendered":"Tunisie: L\u2019Ugtt \u00e0 l\u2019avenue des Etats-Unis"},"content":{"rendered":"<p>La centrale ouvri\u00e8re historique a quitt\u00e9 son si\u00e8ge embl\u00e9matique de la place M\u2019hamed-Ali, au centre-ville de Tunis, pour \u00e9lire domicile, \u00e0 quelques pas du parc du Belv\u00e9d\u00e8re, avenue des Etats-Unis d\u2019Am\u00e9rique. Cette relocalisation est annonc\u00e9e provisoire, le temps de r\u00e9habiliter la b\u00e2tisse de la place M\u2019hamed-Ali en la modernisant, tout en conservant son cachet architectural. En fait, l\u2019Ugtt avait obtenu, tout comme l\u2019Utica et l\u2019Utap, un lot de terrain \u00e0 la Cit\u00e9 El Khadhra, o\u00f9 elle a \u00e9difi\u00e9 un nouveau si\u00e8ge. Pour le financer, elle a d\u00fb le mettre en location dans un premier temps avant de s\u2019y installer.<\/p>\n<p class=\"c2\"><strong><a href=\"https:\/\/www.leaders.com.tn\/le_mensuel_abonnez_vous\"><img loading=\"lazy\" decoding=\"async\" src=\"\/uploads\/FCK_files\/Bon-de-commande(2).jpg\" alt=\"\" width=\"500\" vspace=\"5\" hspace=\"5\" height=\"128\" align=\"middle\"\/><\/a><\/strong><\/p>\n<p>Auteur:<br \/>\n<a href=\"https:\/\/www.leaders.com.tn\/article\/31806-tunisie-l-ugtt-a-l-avenue-des-etats-unis\">Cliquez ici pour lire l&rsquo;article depuis sa source.<\/a><\/p>\n","protected":false},"excerpt":{"rendered":"<p>La centrale ouvri\u00e8re historique a quitt\u00e9 son si\u00e8ge embl\u00e9matique de la place M\u2019hamed-Ali, au centre-ville de Tunis, pour \u00e9lire domicile, \u00e0 quelques pas du parc du Belv\u00e9d\u00e8re, avenue des Etats-Unis d\u2019Am\u00e9rique. Cette relocalisation est annonc\u00e9e provisoire, le temps de r\u00e9habiliter la b\u00e2tisse de la place M\u2019hamed-Ali en la modernisant, tout en conservant son cachet architectural. [&hellip;]<\/p>\n","protected":false},"author":1772,"featured_media":0,"comment_status":"closed","ping_status":"closed","sticky":false,"template":"","format":"standard","meta":{"fifu_image_url":"\/uploads\/FCK_files\/Bon-de-commande(2).jpg","fifu_image_alt":"Tunisie: L\u2019Ugtt \u00e0 l\u2019avenue des Etats-Unis","footnotes":""},"categories":[73,55],"tags":[],"class_list":["post-115990","post","type-post","status-publish","format-standard","hentry","category-actualite","category-tunisie"],"_links":{"self":[{"href":"https:\/\/linitiative.ca\/International\/wp-json\/wp\/v2\/posts\/115990","targetHints":{"allow":["GET"]}}],"collection":[{"href":"https:\/\/linitiative.ca\/International\/wp-json\/wp\/v2\/posts"}],"about":[{"href":"https:\/\/linitiative.ca\/International\/wp-json\/wp\/v2\/types\/post"}],"author":[{"embeddable":true,"href":"https:\/\/linitiative.ca\/International\/wp-json\/wp\/v2\/users\/1772"}],"replies":[{"embeddable":true,"href":"https:\/\/linitiative.ca\/International\/wp-json\/wp\/v2\/comments?post=115990"}],"version-history":[{"count":0,"href":"https:\/\/linitiative.ca\/International\/wp-json\/wp\/v2\/posts\/115990\/revisions"}],"wp:attachment":[{"href":"https:\/\/linitiative.ca\/International\/wp-json\/wp\/v2\/media?parent=115990"}],"wp:term":[{"taxonomy":"category","embeddable":true,"href":"https:\/\/linitiative.ca\/International\/wp-json\/wp\/v2\/categories?post=115990"},{"taxonomy":"post_tag","embeddable":true,"href":"https:\/\/linitiative.ca\/International\/wp-json\/wp\/v2\/tags?post=115990"}],"curies":[{"name":"wp","href":"https:\/\/api.w.org\/{rel}","templated":true}]}}